{"id":67496,"date":"2025-05-22T13:21:12","date_gmt":"2025-05-22T10:21:12","guid":{"rendered":"https:\/\/www.santaclausreindeer.fi\/poron-sarvet-kiehtovia-faktoja-lapin-ikonisen-kruunun-takana\/"},"modified":"2025-07-14T12:57:48","modified_gmt":"2025-07-14T09:57:48","slug":"poron-sarvet-kiehtovia-faktoja-lapin-ikonisen-kruunun-takana","status":"publish","type":"post","link":"https:\/\/www.santaclausreindeer.fi\/fi\/poron-sarvet-kiehtovia-faktoja-lapin-ikonisen-kruunun-takana\/","title":{"rendered":"Poron sarvet \u2013 Kiehtovia faktoja Lapin ikonisen kruunun takana"},"content":{"rendered":"<p>[et_pb_section fb_built=&#8221;1&#8243; admin_label=&#8221;section&#8221; _builder_version=&#8221;4.27.4&#8243; background_color=&#8221;#3E3131&#8243; global_colors_info=&#8221;{}&#8221;][et_pb_row admin_label=&#8221;rivi&#8221; _builder_version=&#8221;4.16&#8243; background_size=&#8221;initial&#8221; background_position=&#8221;top_left&#8221; background_repeat=&#8221;repeat&#8221; global_colors_info=&#8221;{}&#8221;][et_pb_column type=&#8221;4_4&#8243; _builder_version=&#8221;4.16&#8243; custom_padding=&#8221;|||&#8221; global_colors_info=&#8221;{}&#8221; custom_padding__hover=&#8221;|||&#8221;][et_pb_text _builder_version=&#8221;4.27.4&#8243; _module_preset=&#8221;default&#8221; background_layout=&#8221;dark&#8221; global_colors_info=&#8221;{}&#8221;]<\/p>\n<h2 data-start=\"0\" data-end=\"47\">Kiehtovia faktoja Lapin ikonisen kruunun takana<\/h2>\n<p><\/p>\n<p data-start=\"49\" data-end=\"466\" data-is-last-node=\"\" data-is-only-node=\"\">Jos olet koskaan vieraillut poromaisemassa Lapissa tai ihaillut arktisia el\u00e4imi\u00e4, olet luultavasti j\u00e4\u00e4nyt lumoutuneeksi niiden vaikuttavista sarvista. Mutta poron sarvet eiv\u00e4t ole pelk\u00e4st\u00e4\u00e4n kauniita \u2013 ne ovat biologisesti kiehtovia ja kulttuurisesti merkitt\u00e4vi\u00e4. T\u00e4ss\u00e4 kirjoituksessa sukellamme poron sarvien uskomattomaan maailmaan ja tutkimme, mit\u00e4 tekee niist\u00e4 todella ainutlaatuisia arktisessa villiel\u00e4imist\u00f6ss\u00e4.<\/p>\n<p>[\/et_pb_text][\/et_pb_column][\/et_pb_row][\/et_pb_section][et_pb_section fb_built=&#8221;1&#8243; _builder_version=&#8221;4.27.4&#8243; _module_preset=&#8221;default&#8221; global_colors_info=&#8221;{}&#8221;][et_pb_row _builder_version=&#8221;4.27.4&#8243; _module_preset=&#8221;default&#8221; global_colors_info=&#8221;{}&#8221;][et_pb_column type=&#8221;4_4&#8243; _builder_version=&#8221;4.27.4&#8243; _module_preset=&#8221;default&#8221; global_colors_info=&#8221;{}&#8221;][et_pb_text _builder_version=&#8221;4.27.4&#8243; _module_preset=&#8221;default&#8221; global_colors_info=&#8221;{}&#8221;]<\/p>\n<h2 data-start=\"0\" data-end=\"30\">Mist\u00e4 poron sarvet ovat tehty?<\/h2>\n<p><\/p>\n<p data-start=\"32\" data-end=\"374\">Poron sarvet ovat luuta, aivan kuten ihmisten hampaat tai muut luustorakenteet. Ne kasvavat kallon luun ulokkeista, joita kutsutaan pedikkeleiksi, ja niiden pinta on peitetty pehme\u00e4ll\u00e4, karvaisella iholla, jota kutsutaan sametiksi kasvuvaiheen aikana. Sametti on verenkiertoinen ja auttaa toimittamaan ravinteita nopeasti kasvaville sarville.<\/p>\n<p><\/p>\n<p data-start=\"376\" data-end=\"658\" data-is-last-node=\"\" data-is-only-node=\"\">Kun sarvet ovat t\u00e4ysin kehittyneet (yleens\u00e4 my\u00f6h\u00e4\u00e4n kes\u00e4ll\u00e4), sametti irtoaa \u2013 usein dramaattisesti \u2013 paljastaen kovettuneen luun sen alla. Syksyyn menness\u00e4 sarvet ovat t\u00e4ysin kasvaneet ja niit\u00e4 k\u00e4ytet\u00e4\u00e4n sosiaaliseen hallintaan ja ravinnonhankintaan pitkien talvikuukausien aikana.<\/p>\n<p>[\/et_pb_text][\/et_pb_column][\/et_pb_row][\/et_pb_section][et_pb_section fb_built=&#8221;1&#8243; _builder_version=&#8221;4.27.4&#8243; _module_preset=&#8221;default&#8221; background_image=&#8221;https:\/\/www.santaclausreindeer.fi\/wp-content\/uploads\/2024\/09\/santa-claus-reindeer-our-reindeer-6.jpg&#8221; custom_padding=&#8221;210px|||||&#8221; global_colors_info=&#8221;{}&#8221;][et_pb_row _builder_version=&#8221;4.27.4&#8243; _module_preset=&#8221;default&#8221; global_colors_info=&#8221;{}&#8221;][et_pb_column type=&#8221;4_4&#8243; _builder_version=&#8221;4.27.4&#8243; _module_preset=&#8221;default&#8221; global_colors_info=&#8221;{}&#8221;][et_pb_text _builder_version=&#8221;4.27.4&#8243; _module_preset=&#8221;default&#8221; global_colors_info=&#8221;{}&#8221;][\/et_pb_text][\/et_pb_column][\/et_pb_row][\/et_pb_section][et_pb_section fb_built=&#8221;1&#8243; _builder_version=&#8221;4.27.4&#8243; _module_preset=&#8221;default&#8221; global_colors_info=&#8221;{}&#8221;][et_pb_row _builder_version=&#8221;4.27.4&#8243; _module_preset=&#8221;default&#8221; global_colors_info=&#8221;{}&#8221;][et_pb_column type=&#8221;4_4&#8243; _builder_version=&#8221;4.27.4&#8243; _module_preset=&#8221;default&#8221; global_colors_info=&#8221;{}&#8221;][et_pb_text _builder_version=&#8221;4.27.4&#8243; _module_preset=&#8221;default&#8221; global_colors_info=&#8221;{}&#8221;]<\/p>\n<h2 data-start=\"0\" data-end=\"35\">Mik\u00e4 tekee sarvista ainutlaatuiset?<\/h2>\n<p><\/p>\n<p data-start=\"37\" data-end=\"255\">Porot (<a href=\"https:\/\/www.google.com\/search?client=safari&amp;rls=en&amp;q=Rangifer+tarandus&amp;ie=UTF-8&amp;oe=UTF-8\">Rangifer tarandus<\/a>) ovat ainoa hirviel\u00e4inlaji, jossa sek\u00e4 koiraat ett\u00e4 naarat kasvattavat sarvet. T\u00e4m\u00e4 on vain yksi monista uskomattomista sopeutumisista, jotka poroilla on arktisessa ymp\u00e4rist\u00f6ss\u00e4 selviyty\u00e4kseen.<\/p>\n<p><\/p>\n<p data-start=\"257\" data-end=\"290\">T\u00e4ss\u00e4 muutamia erottuvia faktoja:<\/p>\n<p><\/p>\n<ul data-start=\"292\" data-end=\"758\" data-is-last-node=\"\" data-is-only-node=\"\">\n<li data-start=\"292\" data-end=\"385\">\n<p data-start=\"294\" data-end=\"385\">Urokset pudottavat sarvensa syksyn parittelukauden j\u00e4lkeen (noin marraskuusta joulukuuhun).<\/p>\n<\/li>\n<li data-start=\"386\" data-end=\"521\">\n<p data-start=\"388\" data-end=\"521\">Naarat pit\u00e4v\u00e4t sarvensa talven yli, mik\u00e4 antaa niille edun kaivaessa ruokaa lumesta \u2013 t\u00e4m\u00e4 on erityisen hy\u00f6dyllist\u00e4 raskauden aikana.<\/p>\n<\/li>\n<li data-start=\"522\" data-end=\"629\">\n<p data-start=\"524\" data-end=\"629\">Sarvet voivat kasvaa jopa 1 metri\u00e4 leveiksi ja painaa useita kiloja i\u00e4n, ruokavalion ja terveyden mukaan.<\/p>\n<\/li>\n<li data-start=\"630\" data-end=\"758\" data-is-last-node=\"\">\n<p data-start=\"632\" data-end=\"758\" data-is-last-node=\"\">Porot kasvattaisivat sarvensa uudelleen joka vuosi, tehden niist\u00e4 yhden nopeimmin kasvavista elinj\u00e4rjestelmist\u00e4 el\u00e4inkunnassa!<\/p>\n<\/li>\n<\/ul>\n<p>[\/et_pb_text][et_pb_button button_url=&#8221;https:\/\/www.santaclausreindeer.fi\/wp-content\/uploads\/2025\/05\/Antlers-in-the-Nordic-Wild.pdf&#8221; url_new_window=&#8221;on&#8221; button_text=&#8221;Haluan tiet\u00e4\u00e4 enemm\u00e4n.&#8221; _builder_version=&#8221;4.27.4&#8243; _module_preset=&#8221;default&#8221; global_colors_info=&#8221;{}&#8221;][\/et_pb_button][\/et_pb_column][\/et_pb_row][\/et_pb_section][et_pb_section fb_built=&#8221;1&#8243; _builder_version=&#8221;4.27.4&#8243; _module_preset=&#8221;default&#8221; background_image=&#8221;https:\/\/www.santaclausreindeer.fi\/wp-content\/uploads\/2025\/05\/A-reindeer-in-the-winter-wonderland-1-scaled.jpg&#8221; custom_padding=&#8221;188px|||||&#8221; global_colors_info=&#8221;{}&#8221;][et_pb_row _builder_version=&#8221;4.27.4&#8243; _module_preset=&#8221;default&#8221; global_colors_info=&#8221;{}&#8221;][et_pb_column type=&#8221;4_4&#8243; _builder_version=&#8221;4.27.4&#8243; _module_preset=&#8221;default&#8221; global_colors_info=&#8221;{}&#8221;][et_pb_text _builder_version=&#8221;4.27.4&#8243; _module_preset=&#8221;default&#8221; global_colors_info=&#8221;{}&#8221;][\/et_pb_text][\/et_pb_column][\/et_pb_row][\/et_pb_section][et_pb_section fb_built=&#8221;1&#8243; _builder_version=&#8221;4.27.4&#8243; _module_preset=&#8221;default&#8221; global_colors_info=&#8221;{}&#8221;][et_pb_row _builder_version=&#8221;4.27.4&#8243; _module_preset=&#8221;default&#8221; global_colors_info=&#8221;{}&#8221;][et_pb_column type=&#8221;4_4&#8243; _builder_version=&#8221;4.27.4&#8243; _module_preset=&#8221;default&#8221; global_colors_info=&#8221;{}&#8221;][et_pb_text _builder_version=&#8221;4.27.4&#8243; _module_preset=&#8221;default&#8221; global_colors_info=&#8221;{}&#8221;]<\/p>\n<h2 data-start=\"0\" data-end=\"26\">Poron kruunujen kausirytmi<\/h2>\n<p><\/p>\n<p data-start=\"28\" data-end=\"209\">Ymm\u00e4rt\u00e4minen poron sarvien kausirytmist\u00e4 auttaa vierailijoita arvostamaan muutoksia, joita he saattavat huomata vieraillessaan Santa Claus Reindeer -paikassa Santa Claus Villagessa:<\/p>\n<p><\/p>\n<h3 data-start=\"211\" data-end=\"304\"><strong data-start=\"211\" data-end=\"220\">Kausi<\/strong> | <strong data-start=\"223\" data-end=\"238\">Sarvityyppi<\/strong><\/h3>\n<p><\/p>\n<p data-start=\"211\" data-end=\"304\"><strong data-start=\"241\" data-end=\"250\">Kev\u00e4t<\/strong><br data-start=\"250\" data-end=\"253\" \/>Uudet sarvet alkavat kasvaa (sametilla peitettyin\u00e4)<\/p>\n<p><\/p>\n<p data-start=\"306\" data-end=\"368\"><a href=\"https:\/\/www.santaclausreindeer.fi\/fi\/rovaniemi-kesalla\/\"><strong data-start=\"306\" data-end=\"314\">Kes\u00e4<\/strong><\/a><br data-start=\"314\" data-end=\"317\" \/>Sarvet kasvavat nopeasti ja saavuttavat t\u00e4yden koon<\/p>\n<p><\/p>\n<p data-start=\"370\" data-end=\"428\"><a href=\"https:\/\/www.santaclausreindeer.fi\/fi\/rovaniemi-syksylla\/\"><strong data-start=\"370\" data-end=\"379\">Syksy<\/strong><\/a><br data-start=\"379\" data-end=\"382\" \/>Sametti irtoaa; sarvet ovat t\u00e4ysin kehittyneet<\/p>\n<p><\/p>\n<p data-start=\"430\" data-end=\"511\"><a href=\"https:\/\/www.santaclausreindeer.fi\/fi\/rovaniemi-talvella\/\"><strong data-start=\"430\" data-end=\"439\">Talvi<\/strong><\/a><br data-start=\"439\" data-end=\"442\" \/>Urokset pudottavat sarvensa parittelun j\u00e4lkeen; naarat pit\u00e4v\u00e4t omansa<\/p>\n<p><\/p>\n<p data-start=\"513\" data-end=\"740\" data-is-last-node=\"\" data-is-only-node=\"\">Jos vierailet Lapissa my\u00f6h\u00e4issyksyll\u00e4 tai talven alussa, saatat huomata, ett\u00e4 naarasporot ovat ne, joilla on sarvet \u2013 t\u00e4m\u00e4 on monille vieraileville yll\u00e4tt\u00e4v\u00e4 k\u00e4\u00e4nne, sill\u00e4 he odottavat n\u00e4kev\u00e4ns\u00e4 suuret sarvet kaikilla poroilla!<\/p>\n<p>[\/et_pb_text][\/et_pb_column][\/et_pb_row][\/et_pb_section][et_pb_section fb_built=&#8221;1&#8243; _builder_version=&#8221;4.27.4&#8243; _module_preset=&#8221;default&#8221; background_image=&#8221;https:\/\/www.santaclausreindeer.fi\/wp-content\/uploads\/2024\/09\/santa-claus-reindeer-our-reindeer-3.jpg&#8221; custom_padding=&#8221;||195px|||&#8221; global_colors_info=&#8221;{}&#8221;][et_pb_row _builder_version=&#8221;4.27.4&#8243; _module_preset=&#8221;default&#8221; global_colors_info=&#8221;{}&#8221;][et_pb_column type=&#8221;4_4&#8243; _builder_version=&#8221;4.27.4&#8243; _module_preset=&#8221;default&#8221; global_colors_info=&#8221;{}&#8221;][et_pb_text _builder_version=&#8221;4.27.4&#8243; _module_preset=&#8221;default&#8221; global_colors_info=&#8221;{}&#8221;][\/et_pb_text][\/et_pb_column][\/et_pb_row][\/et_pb_section][et_pb_section fb_built=&#8221;1&#8243; _builder_version=&#8221;4.27.4&#8243; _module_preset=&#8221;default&#8221; global_colors_info=&#8221;{}&#8221;][et_pb_row _builder_version=&#8221;4.27.4&#8243; _module_preset=&#8221;default&#8221; global_colors_info=&#8221;{}&#8221;][et_pb_column type=&#8221;4_4&#8243; _builder_version=&#8221;4.27.4&#8243; _module_preset=&#8221;default&#8221; global_colors_info=&#8221;{}&#8221;][et_pb_text _builder_version=&#8221;4.27.4&#8243; _module_preset=&#8221;default&#8221; global_colors_info=&#8221;{}&#8221;]<\/p>\n<h2 data-start=\"0\" data-end=\"47\"><strong data-start=\"0\" data-end=\"47\">Poron sarvien kulttuurinen merkitys Lapissa<\/strong><\/h2>\n<p><\/p>\n<p data-start=\"49\" data-end=\"630\">Lapissa poron sarvet ovat pitk\u00e4\u00e4n olleet arvostettuja, ei vain niiden vaikuttavan kauneuden vuoksi, vaan my\u00f6s k\u00e4yt\u00e4nn\u00f6llisen, kulttuurisen ja symbolisen merkityksens\u00e4 takia. Porot pudottavat sarvensa luonnollisesti joka vuosi, ja ne ker\u00e4t\u00e4\u00e4n kunnioittavasti. Sarvia on k\u00e4ytetty vuosisatojen ajan perinteisiss\u00e4 k\u00e4sit\u00f6iss\u00e4, kuten veitsien kahvoissa, ty\u00f6v\u00e4lineiss\u00e4, nappien, korujen ja kodin sisustusesineiden valmistuksessa. Nyky\u00e4\u00e4n ne inspiroivat edelleen k\u00e4sity\u00f6l\u00e4isi\u00e4 ja suunnittelijoita, ja ne l\u00f6yt\u00e4v\u00e4t tiens\u00e4 moderneihin matkamuistoihin, jotka kantavat arktisen perinn\u00f6n ydint\u00e4.<\/p>\n<p><\/p>\n<p data-start=\"632\" data-end=\"1239\" data-is-last-node=\"\" data-is-only-node=\"\">Santa Claus Villagessa vierailijat ovat usein lumoutuneita n\u00e4ist\u00e4 majesteettisista symboleista. Monet rakastavat ottaa valokuvia oikeiden sarvien kanssa, koskettaa niiden sile\u00e4\u00e4, kulunutta pintaa tai ihailla niit\u00e4, kun ne roikkuvat ylpein\u00e4 perinteisten lappilaisymp\u00e4rist\u00f6jen l\u00e4mpimiss\u00e4 puukodeissa. Sarvet ovat enemm\u00e4n kuin vain koristeellisia elementtej\u00e4 \u2013 ne edustavat voimaa, sitkeytt\u00e4 ja syv\u00e4\u00e4 yhteytt\u00e4 Lapin ihmisten ja heid\u00e4n ymp\u00e4rill\u00e4\u00e4n olevan er\u00e4maan v\u00e4lill\u00e4. Ne ovat ajaton tunnusmerkki arktiselle hengelle, muistuttaen meit\u00e4 luonnon rytmeist\u00e4 ja el\u00e4m\u00e4n hiljaisesta voimasta napapiirin yl\u00e4puolella.<\/p>\n<p>[\/et_pb_text][\/et_pb_column][\/et_pb_row][\/et_pb_section][et_pb_section fb_built=&#8221;1&#8243; _builder_version=&#8221;4.27.4&#8243; _module_preset=&#8221;default&#8221; background_image=&#8221;https:\/\/www.santaclausreindeer.fi\/wp-content\/uploads\/2025\/05\/Reindeer-laying-on-snow-scaled.jpg&#8221; custom_padding=&#8221;210px|||||&#8221; global_colors_info=&#8221;{}&#8221;][et_pb_row _builder_version=&#8221;4.27.4&#8243; _module_preset=&#8221;default&#8221; global_colors_info=&#8221;{}&#8221;][et_pb_column type=&#8221;4_4&#8243; _builder_version=&#8221;4.27.4&#8243; _module_preset=&#8221;default&#8221; global_colors_info=&#8221;{}&#8221;][et_pb_text _builder_version=&#8221;4.27.4&#8243; _module_preset=&#8221;default&#8221; global_colors_info=&#8221;{}&#8221;][\/et_pb_text][\/et_pb_column][\/et_pb_row][\/et_pb_section][et_pb_section fb_built=&#8221;1&#8243; _builder_version=&#8221;4.27.4&#8243; _module_preset=&#8221;default&#8221; global_colors_info=&#8221;{}&#8221;][et_pb_row _builder_version=&#8221;4.27.4&#8243; _module_preset=&#8221;default&#8221; global_colors_info=&#8221;{}&#8221;][et_pb_column type=&#8221;4_4&#8243; _builder_version=&#8221;4.27.4&#8243; _module_preset=&#8221;default&#8221; global_colors_info=&#8221;{}&#8221;][et_pb_text _builder_version=&#8221;4.27.4&#8243; _module_preset=&#8221;default&#8221; global_colors_info=&#8221;{}&#8221;]<\/p>\n<h2 data-start=\"0\" data-end=\"57\"><strong data-start=\"0\" data-end=\"57\">Tapaamiset yst\u00e4viemme kanssa Santa Claus Reindeerill\u00e4<\/strong><\/h2>\n<p><\/p>\n<p data-start=\"59\" data-end=\"388\">Rovaniemen Santa Claus Reindeer -paikassa tapaat poroja eri-ik\u00e4isilt\u00e4, joista jotkut esittelev\u00e4t ylpein\u00e4 sarviaan, kun taas toiset saattavat olla levon vaiheessa. Olitpa sitten vierailemassa kes\u00e4ll\u00e4, kun sametti-sarvet ovat viel\u00e4 kasvamassa, tai talvella, kun sarvet ovat t\u00e4ysin kehittyneet, aina on jotain kiehtovaa havaittavaa.<\/p>\n<p><\/p>\n<p data-start=\"390\" data-end=\"443\">Poronhoitajamme ovat iloisia voidessaan kertoa lis\u00e4\u00e4:<\/p>\n<p><\/p>\n<ul data-start=\"445\" data-end=\"611\" data-is-last-node=\"\" data-is-only-node=\"\">\n<li data-start=\"445\" data-end=\"491\">\n<p data-start=\"447\" data-end=\"491\">Sarvien eroista urosten ja naarasten v\u00e4lill\u00e4<\/p>\n<\/li>\n<li data-start=\"492\" data-end=\"538\">\n<p data-start=\"494\" data-end=\"538\">Miten hoidamme poroja sarvikehityksen aikana<\/p>\n<\/li>\n<li data-start=\"539\" data-end=\"611\" data-is-last-node=\"\">\n<p data-start=\"541\" data-end=\"611\" data-is-last-node=\"\">Miksi sarvet ovat avainasemassa porojen sosiaalisessa k\u00e4ytt\u00e4ytymisess\u00e4<\/p>\n<\/li>\n<\/ul>\n<p>[\/et_pb_text][\/et_pb_column][\/et_pb_row][\/et_pb_section][et_pb_section fb_built=&#8221;1&#8243; _builder_version=&#8221;4.27.4&#8243; _module_preset=&#8221;default&#8221; background_image=&#8221;https:\/\/www.santaclausreindeer.fi\/wp-content\/uploads\/2024\/09\/santa-claus-reindeer-our-reindeer-2.jpg&#8221; custom_padding=&#8221;210px|||||&#8221; global_colors_info=&#8221;{}&#8221;][et_pb_row _builder_version=&#8221;4.27.4&#8243; _module_preset=&#8221;default&#8221; global_colors_info=&#8221;{}&#8221;][et_pb_column type=&#8221;4_4&#8243; _builder_version=&#8221;4.27.4&#8243; _module_preset=&#8221;default&#8221; global_colors_info=&#8221;{}&#8221;][et_pb_text _builder_version=&#8221;4.27.4&#8243; _module_preset=&#8221;default&#8221; global_colors_info=&#8221;{}&#8221;][\/et_pb_text][\/et_pb_column][\/et_pb_row][\/et_pb_section][et_pb_section fb_built=&#8221;1&#8243; _builder_version=&#8221;4.27.4&#8243; _module_preset=&#8221;default&#8221; global_colors_info=&#8221;{}&#8221;][et_pb_row _builder_version=&#8221;4.27.4&#8243; _module_preset=&#8221;default&#8221; global_colors_info=&#8221;{}&#8221;][et_pb_column type=&#8221;4_4&#8243; _builder_version=&#8221;4.27.4&#8243; _module_preset=&#8221;default&#8221; global_colors_info=&#8221;{}&#8221;][et_pb_text _builder_version=&#8221;4.27.4&#8243; _module_preset=&#8221;default&#8221; global_colors_info=&#8221;{}&#8221;]<\/p>\n<h3 data-start=\"0\" data-end=\"31\"><strong data-start=\"0\" data-end=\"31\">\u00c4l\u00e4 unohda tallentaa hetke\u00e4<\/strong><\/h3>\n<p><\/p>\n<p data-start=\"33\" data-end=\"299\">Yksi parhaista asioista porotilalla vieraillessa Lapissa on p\u00e4\u00e4st\u00e4 l\u00e4helle n\u00e4it\u00e4 majesteettisia el\u00e4imi\u00e4 \u2013 ja niiden upeita sarvia. Muista ottaa valokuva (tai useampia!) muistoksi hetkest\u00e4. Ei ole joka p\u00e4iv\u00e4, ett\u00e4 p\u00e4\u00e4set n\u00e4kem\u00e4\u00e4n oikeita arktisia poroja n\u00e4in l\u00e4helt\u00e4!<\/p>\n<p><\/p>\n<p data-start=\"301\" data-end=\"352\"><strong data-start=\"301\" data-end=\"352\">Suunnittele vierailusi Santa Claus Reindeerille<\/strong><\/p>\n<p><\/p>\n<p data-start=\"354\" data-end=\"651\" data-is-last-node=\"\" data-is-only-node=\"\">\ud83d\udccd Sijainti: Santa Claus Village, Rovaniemi, Suomen Lappi<br data-start=\"411\" data-end=\"414\" \/>\ud83d\uddd3 Avoinna ymp\u00e4ri vuoden \u2013 kokemukset vaihtelevat vuodenaikojen mukaan<br data-start=\"484\" data-end=\"487\" \/>\ud83d\udef7 Aktiviteetit: Pororekiajelut, ruokintakokemukset, opastetut kierrokset<br data-start=\"560\" data-end=\"563\" \/>\ud83c\udf9f Varaa kokemuksesi t\u00e4n\u00e4\u00e4n ja opi lis\u00e4\u00e4 porojemme el\u00e4m\u00e4st\u00e4 \u2013 niiden sarvista kavioihin!<\/p>\n<p><\/p>\n<p data-start=\"354\" data-end=\"651\" data-is-last-node=\"\" data-is-only-node=\"\"><iframe loading=\"lazy\" src=\"https:\/\/www.google.com\/maps\/embed?pb=!1m18!1m12!1m3!1d1588.218459896288!2d25.846377377574075!3d66.54255317887142!2m3!1f0!2f0!3f0!3m2!1i1024!2i768!4f13.1!3m3!1m2!1s0x442b4e7e3a84add1%3A0xe6348b973e9c753!2sJoulumaantie%2013%2C%2096930%20Rovaniemi!5e0!3m2!1sen!2sfi!4v1747893918923!5m2!1sen!2sfi\" width=\"600\" height=\"450\" frameborder=\"0\" allowfullscreen=\"allowfullscreen\"><\/iframe><\/p>\n<p>[\/et_pb_text][\/et_pb_column][\/et_pb_row][\/et_pb_section]<\/p>\n","protected":false},"excerpt":{"rendered":"<p>Kiehtovia faktoja Lapin ikonisen kruunun takanaJos olet koskaan vieraillut poromaisemassa Lapissa tai ihaillut arktisia el\u00e4imi\u00e4, olet luultavasti j\u00e4\u00e4nyt lumoutuneeksi niiden [&hellip;]<\/p>\n","protected":false},"author":9,"featured_media":63854,"comment_status":"open","ping_status":"open","sticky":false,"template":"","format":"standard","meta":{"_acf_changed":false,"_et_pb_use_builder":"on","_et_pb_old_content":"","_et_gb_content_width":"","inline_featured_image":false,"footnotes":""},"categories":[7148],"tags":[7461,7466],"class_list":["post-67496","post","type-post","status-publish","format-standard","has-post-thumbnail","hentry","category-blogi","tag-reindeer","tag-reindeer-antlers"],"acf":[],"yoast_head":"<!-- This site is optimized with the Yoast SEO plugin v27.4 - https:\/\/yoast.com\/product\/yoast-seo-wordpress\/ -->\n<title>Poron sarvet \u2013 Kiehtovia faktoja Lapin ikonisen kruunun takana - Santa Claus Reindeer<\/title>\n<meta name=\"description\" content=\"L\u00f6yd\u00e4 upeita faktoja poron sarvista, siit\u00e4 kuinka ne kasvavat, niiden kausirytmist\u00e4 ja miksi porot ovat niin erityisi\u00e4 Lapissa.\" \/>\n<meta name=\"robots\" content=\"index, follow, max-snippet:-1, max-image-preview:large, max-video-preview:-1\" \/>\n<link rel=\"canonical\" href=\"https:\/\/www.santaclausreindeer.fi\/fi\/poron-sarvet-kiehtovia-faktoja-lapin-ikonisen-kruunun-takana\/\" \/>\n<meta property=\"og:locale\" content=\"fi_FI\" \/>\n<meta property=\"og:type\" content=\"article\" \/>\n<meta property=\"og:title\" content=\"Poron sarvet \u2013 Kiehtovia faktoja Lapin ikonisen kruunun takana - Santa Claus Reindeer\" \/>\n<meta property=\"og:description\" content=\"L\u00f6yd\u00e4 upeita faktoja poron sarvista, siit\u00e4 kuinka ne kasvavat, niiden kausirytmist\u00e4 ja miksi porot ovat niin erityisi\u00e4 Lapissa.\" \/>\n<meta property=\"og:url\" content=\"https:\/\/www.santaclausreindeer.fi\/fi\/poron-sarvet-kiehtovia-faktoja-lapin-ikonisen-kruunun-takana\/\" \/>\n<meta property=\"og:site_name\" content=\"Santa Claus Reindeer\" \/>\n<meta property=\"article:publisher\" content=\"https:\/\/www.facebook.com\/SantaClausReindeer\/\" \/>\n<meta property=\"article:published_time\" content=\"2025-05-22T10:21:12+00:00\" \/>\n<meta property=\"article:modified_time\" content=\"2025-07-14T09:57:48+00:00\" \/>\n<meta property=\"og:image\" content=\"https:\/\/www.santaclausreindeer.fi\/wp-content\/uploads\/2024\/09\/santa-claus-reindeer-our-reindeer-6.jpg\" \/>\n\t<meta property=\"og:image:width\" content=\"1920\" \/>\n\t<meta property=\"og:image:height\" content=\"1056\" \/>\n\t<meta property=\"og:image:type\" content=\"image\/jpeg\" \/>\n<meta name=\"author\" content=\"Info\" \/>\n<meta name=\"twitter:card\" content=\"summary_large_image\" \/>\n<meta name=\"twitter:label1\" content=\"Kirjoittanut\" \/>\n\t<meta name=\"twitter:data1\" content=\"Info\" \/>\n\t<meta name=\"twitter:label2\" content=\"Arvioitu lukuaika\" \/>\n\t<meta name=\"twitter:data2\" content=\"8 minuuttia\" \/>\n<script type=\"application\/ld+json\" class=\"yoast-schema-graph\">{\"@context\":\"https:\\\/\\\/schema.org\",\"@graph\":[{\"@type\":\"Article\",\"@id\":\"https:\\\/\\\/www.santaclausreindeer.fi\\\/fi\\\/poron-sarvet-kiehtovia-faktoja-lapin-ikonisen-kruunun-takana\\\/#article\",\"isPartOf\":{\"@id\":\"https:\\\/\\\/www.santaclausreindeer.fi\\\/fi\\\/poron-sarvet-kiehtovia-faktoja-lapin-ikonisen-kruunun-takana\\\/\"},\"author\":{\"name\":\"Info\",\"@id\":\"https:\\\/\\\/www.santaclausreindeer.fi\\\/fi\\\/#\\\/schema\\\/person\\\/24b0b6a7c844813e8e9135dc7c2d2b33\"},\"headline\":\"Poron sarvet \u2013 Kiehtovia faktoja Lapin ikonisen kruunun takana\",\"datePublished\":\"2025-05-22T10:21:12+00:00\",\"dateModified\":\"2025-07-14T09:57:48+00:00\",\"mainEntityOfPage\":{\"@id\":\"https:\\\/\\\/www.santaclausreindeer.fi\\\/fi\\\/poron-sarvet-kiehtovia-faktoja-lapin-ikonisen-kruunun-takana\\\/\"},\"wordCount\":1532,\"commentCount\":0,\"publisher\":{\"@id\":\"https:\\\/\\\/www.santaclausreindeer.fi\\\/fi\\\/#organization\"},\"image\":{\"@id\":\"https:\\\/\\\/www.santaclausreindeer.fi\\\/fi\\\/poron-sarvet-kiehtovia-faktoja-lapin-ikonisen-kruunun-takana\\\/#primaryimage\"},\"thumbnailUrl\":\"https:\\\/\\\/www.santaclausreindeer.fi\\\/wp-content\\\/uploads\\\/2024\\\/09\\\/santa-claus-reindeer-our-reindeer-6.jpg\",\"keywords\":[\"reindeer\",\"reindeer antlers\"],\"articleSection\":[\"Blogi\"],\"inLanguage\":\"fi\",\"potentialAction\":[{\"@type\":\"CommentAction\",\"name\":\"Comment\",\"target\":[\"https:\\\/\\\/www.santaclausreindeer.fi\\\/fi\\\/poron-sarvet-kiehtovia-faktoja-lapin-ikonisen-kruunun-takana\\\/#respond\"]}]},{\"@type\":\"WebPage\",\"@id\":\"https:\\\/\\\/www.santaclausreindeer.fi\\\/fi\\\/poron-sarvet-kiehtovia-faktoja-lapin-ikonisen-kruunun-takana\\\/\",\"url\":\"https:\\\/\\\/www.santaclausreindeer.fi\\\/fi\\\/poron-sarvet-kiehtovia-faktoja-lapin-ikonisen-kruunun-takana\\\/\",\"name\":\"Poron sarvet \u2013 Kiehtovia faktoja Lapin ikonisen kruunun takana - Santa Claus Reindeer\",\"isPartOf\":{\"@id\":\"https:\\\/\\\/www.santaclausreindeer.fi\\\/fi\\\/#website\"},\"primaryImageOfPage\":{\"@id\":\"https:\\\/\\\/www.santaclausreindeer.fi\\\/fi\\\/poron-sarvet-kiehtovia-faktoja-lapin-ikonisen-kruunun-takana\\\/#primaryimage\"},\"image\":{\"@id\":\"https:\\\/\\\/www.santaclausreindeer.fi\\\/fi\\\/poron-sarvet-kiehtovia-faktoja-lapin-ikonisen-kruunun-takana\\\/#primaryimage\"},\"thumbnailUrl\":\"https:\\\/\\\/www.santaclausreindeer.fi\\\/wp-content\\\/uploads\\\/2024\\\/09\\\/santa-claus-reindeer-our-reindeer-6.jpg\",\"datePublished\":\"2025-05-22T10:21:12+00:00\",\"dateModified\":\"2025-07-14T09:57:48+00:00\",\"description\":\"L\u00f6yd\u00e4 upeita faktoja poron sarvista, siit\u00e4 kuinka ne kasvavat, niiden kausirytmist\u00e4 ja miksi porot ovat niin erityisi\u00e4 Lapissa.\",\"breadcrumb\":{\"@id\":\"https:\\\/\\\/www.santaclausreindeer.fi\\\/fi\\\/poron-sarvet-kiehtovia-faktoja-lapin-ikonisen-kruunun-takana\\\/#breadcrumb\"},\"inLanguage\":\"fi\",\"potentialAction\":[{\"@type\":\"ReadAction\",\"target\":[\"https:\\\/\\\/www.santaclausreindeer.fi\\\/fi\\\/poron-sarvet-kiehtovia-faktoja-lapin-ikonisen-kruunun-takana\\\/\"]}]},{\"@type\":\"ImageObject\",\"inLanguage\":\"fi\",\"@id\":\"https:\\\/\\\/www.santaclausreindeer.fi\\\/fi\\\/poron-sarvet-kiehtovia-faktoja-lapin-ikonisen-kruunun-takana\\\/#primaryimage\",\"url\":\"https:\\\/\\\/www.santaclausreindeer.fi\\\/wp-content\\\/uploads\\\/2024\\\/09\\\/santa-claus-reindeer-our-reindeer-6.jpg\",\"contentUrl\":\"https:\\\/\\\/www.santaclausreindeer.fi\\\/wp-content\\\/uploads\\\/2024\\\/09\\\/santa-claus-reindeer-our-reindeer-6.jpg\",\"width\":1920,\"height\":1056},{\"@type\":\"BreadcrumbList\",\"@id\":\"https:\\\/\\\/www.santaclausreindeer.fi\\\/fi\\\/poron-sarvet-kiehtovia-faktoja-lapin-ikonisen-kruunun-takana\\\/#breadcrumb\",\"itemListElement\":[{\"@type\":\"ListItem\",\"position\":1,\"name\":\"Home\",\"item\":\"https:\\\/\\\/www.santaclausreindeer.fi\\\/fi\\\/\"},{\"@type\":\"ListItem\",\"position\":2,\"name\":\"Poron sarvet \u2013 Kiehtovia faktoja Lapin ikonisen kruunun takana\"}]},{\"@type\":\"WebSite\",\"@id\":\"https:\\\/\\\/www.santaclausreindeer.fi\\\/fi\\\/#website\",\"url\":\"https:\\\/\\\/www.santaclausreindeer.fi\\\/fi\\\/\",\"name\":\"Santa Claus Reindeer\",\"description\":\"Arctic Circle, Rovaniemi, Lapland\",\"publisher\":{\"@id\":\"https:\\\/\\\/www.santaclausreindeer.fi\\\/fi\\\/#organization\"},\"potentialAction\":[{\"@type\":\"SearchAction\",\"target\":{\"@type\":\"EntryPoint\",\"urlTemplate\":\"https:\\\/\\\/www.santaclausreindeer.fi\\\/fi\\\/?s={search_term_string}\"},\"query-input\":{\"@type\":\"PropertyValueSpecification\",\"valueRequired\":true,\"valueName\":\"search_term_string\"}}],\"inLanguage\":\"fi\"},{\"@type\":\"Organization\",\"@id\":\"https:\\\/\\\/www.santaclausreindeer.fi\\\/fi\\\/#organization\",\"name\":\"Santa Claus Reindeer\",\"url\":\"https:\\\/\\\/www.santaclausreindeer.fi\\\/fi\\\/\",\"logo\":{\"@type\":\"ImageObject\",\"inLanguage\":\"fi\",\"@id\":\"https:\\\/\\\/www.santaclausreindeer.fi\\\/fi\\\/#\\\/schema\\\/logo\\\/image\\\/\",\"url\":\"https:\\\/\\\/www.santaclausreindeer.fi\\\/wp-content\\\/uploads\\\/2024\\\/10\\\/scr_logo_vaakaslogan-RVN-RGB-opt.svg\",\"contentUrl\":\"https:\\\/\\\/www.santaclausreindeer.fi\\\/wp-content\\\/uploads\\\/2024\\\/10\\\/scr_logo_vaakaslogan-RVN-RGB-opt.svg\",\"width\":396,\"height\":212,\"caption\":\"Santa Claus Reindeer\"},\"image\":{\"@id\":\"https:\\\/\\\/www.santaclausreindeer.fi\\\/fi\\\/#\\\/schema\\\/logo\\\/image\\\/\"},\"sameAs\":[\"https:\\\/\\\/www.facebook.com\\\/SantaClausReindeer\\\/\",\"https:\\\/\\\/www.instagram.com\\\/santaclausreindeer\\\/\",\"https:\\\/\\\/www.youtube.com\\\/user\\\/santareindeerlapland\",\"https:\\\/\\\/www.tripadvisor.fr\\\/Attraction_Review-g189922-d6662018-Reviews-Santa_Claus_Reindeer-Rovaniemi_Lapland.html\"]},{\"@type\":\"Person\",\"@id\":\"https:\\\/\\\/www.santaclausreindeer.fi\\\/fi\\\/#\\\/schema\\\/person\\\/24b0b6a7c844813e8e9135dc7c2d2b33\",\"name\":\"Info\",\"image\":{\"@type\":\"ImageObject\",\"inLanguage\":\"fi\",\"@id\":\"https:\\\/\\\/secure.gravatar.com\\\/avatar\\\/9b0f90b8eb18d2df2dd3bb5481aeb5fa66e021d5be5f8c4b15722b1a046d7cb6?s=96&d=mm&r=g\",\"url\":\"https:\\\/\\\/secure.gravatar.com\\\/avatar\\\/9b0f90b8eb18d2df2dd3bb5481aeb5fa66e021d5be5f8c4b15722b1a046d7cb6?s=96&d=mm&r=g\",\"contentUrl\":\"https:\\\/\\\/secure.gravatar.com\\\/avatar\\\/9b0f90b8eb18d2df2dd3bb5481aeb5fa66e021d5be5f8c4b15722b1a046d7cb6?s=96&d=mm&r=g\",\"caption\":\"Info\"}}]}<\/script>\n<!-- \/ Yoast SEO plugin. -->","yoast_head_json":{"title":"Poron sarvet \u2013 Kiehtovia faktoja Lapin ikonisen kruunun takana - Santa Claus Reindeer","description":"L\u00f6yd\u00e4 upeita faktoja poron sarvista, siit\u00e4 kuinka ne kasvavat, niiden kausirytmist\u00e4 ja miksi porot ovat niin erityisi\u00e4 Lapissa.","robots":{"index":"index","follow":"follow","max-snippet":"max-snippet:-1","max-image-preview":"max-image-preview:large","max-video-preview":"max-video-preview:-1"},"canonical":"https:\/\/www.santaclausreindeer.fi\/fi\/poron-sarvet-kiehtovia-faktoja-lapin-ikonisen-kruunun-takana\/","og_locale":"fi_FI","og_type":"article","og_title":"Poron sarvet \u2013 Kiehtovia faktoja Lapin ikonisen kruunun takana - Santa Claus Reindeer","og_description":"L\u00f6yd\u00e4 upeita faktoja poron sarvista, siit\u00e4 kuinka ne kasvavat, niiden kausirytmist\u00e4 ja miksi porot ovat niin erityisi\u00e4 Lapissa.","og_url":"https:\/\/www.santaclausreindeer.fi\/fi\/poron-sarvet-kiehtovia-faktoja-lapin-ikonisen-kruunun-takana\/","og_site_name":"Santa Claus Reindeer","article_publisher":"https:\/\/www.facebook.com\/SantaClausReindeer\/","article_published_time":"2025-05-22T10:21:12+00:00","article_modified_time":"2025-07-14T09:57:48+00:00","og_image":[{"width":1920,"height":1056,"url":"https:\/\/www.santaclausreindeer.fi\/wp-content\/uploads\/2024\/09\/santa-claus-reindeer-our-reindeer-6.jpg","type":"image\/jpeg"}],"author":"Info","twitter_card":"summary_large_image","twitter_misc":{"Kirjoittanut":"Info","Arvioitu lukuaika":"8 minuuttia"},"schema":{"@context":"https:\/\/schema.org","@graph":[{"@type":"Article","@id":"https:\/\/www.santaclausreindeer.fi\/fi\/poron-sarvet-kiehtovia-faktoja-lapin-ikonisen-kruunun-takana\/#article","isPartOf":{"@id":"https:\/\/www.santaclausreindeer.fi\/fi\/poron-sarvet-kiehtovia-faktoja-lapin-ikonisen-kruunun-takana\/"},"author":{"name":"Info","@id":"https:\/\/www.santaclausreindeer.fi\/fi\/#\/schema\/person\/24b0b6a7c844813e8e9135dc7c2d2b33"},"headline":"Poron sarvet \u2013 Kiehtovia faktoja Lapin ikonisen kruunun takana","datePublished":"2025-05-22T10:21:12+00:00","dateModified":"2025-07-14T09:57:48+00:00","mainEntityOfPage":{"@id":"https:\/\/www.santaclausreindeer.fi\/fi\/poron-sarvet-kiehtovia-faktoja-lapin-ikonisen-kruunun-takana\/"},"wordCount":1532,"commentCount":0,"publisher":{"@id":"https:\/\/www.santaclausreindeer.fi\/fi\/#organization"},"image":{"@id":"https:\/\/www.santaclausreindeer.fi\/fi\/poron-sarvet-kiehtovia-faktoja-lapin-ikonisen-kruunun-takana\/#primaryimage"},"thumbnailUrl":"https:\/\/www.santaclausreindeer.fi\/wp-content\/uploads\/2024\/09\/santa-claus-reindeer-our-reindeer-6.jpg","keywords":["reindeer","reindeer antlers"],"articleSection":["Blogi"],"inLanguage":"fi","potentialAction":[{"@type":"CommentAction","name":"Comment","target":["https:\/\/www.santaclausreindeer.fi\/fi\/poron-sarvet-kiehtovia-faktoja-lapin-ikonisen-kruunun-takana\/#respond"]}]},{"@type":"WebPage","@id":"https:\/\/www.santaclausreindeer.fi\/fi\/poron-sarvet-kiehtovia-faktoja-lapin-ikonisen-kruunun-takana\/","url":"https:\/\/www.santaclausreindeer.fi\/fi\/poron-sarvet-kiehtovia-faktoja-lapin-ikonisen-kruunun-takana\/","name":"Poron sarvet \u2013 Kiehtovia faktoja Lapin ikonisen kruunun takana - Santa Claus Reindeer","isPartOf":{"@id":"https:\/\/www.santaclausreindeer.fi\/fi\/#website"},"primaryImageOfPage":{"@id":"https:\/\/www.santaclausreindeer.fi\/fi\/poron-sarvet-kiehtovia-faktoja-lapin-ikonisen-kruunun-takana\/#primaryimage"},"image":{"@id":"https:\/\/www.santaclausreindeer.fi\/fi\/poron-sarvet-kiehtovia-faktoja-lapin-ikonisen-kruunun-takana\/#primaryimage"},"thumbnailUrl":"https:\/\/www.santaclausreindeer.fi\/wp-content\/uploads\/2024\/09\/santa-claus-reindeer-our-reindeer-6.jpg","datePublished":"2025-05-22T10:21:12+00:00","dateModified":"2025-07-14T09:57:48+00:00","description":"L\u00f6yd\u00e4 upeita faktoja poron sarvista, siit\u00e4 kuinka ne kasvavat, niiden kausirytmist\u00e4 ja miksi porot ovat niin erityisi\u00e4 Lapissa.","breadcrumb":{"@id":"https:\/\/www.santaclausreindeer.fi\/fi\/poron-sarvet-kiehtovia-faktoja-lapin-ikonisen-kruunun-takana\/#breadcrumb"},"inLanguage":"fi","potentialAction":[{"@type":"ReadAction","target":["https:\/\/www.santaclausreindeer.fi\/fi\/poron-sarvet-kiehtovia-faktoja-lapin-ikonisen-kruunun-takana\/"]}]},{"@type":"ImageObject","inLanguage":"fi","@id":"https:\/\/www.santaclausreindeer.fi\/fi\/poron-sarvet-kiehtovia-faktoja-lapin-ikonisen-kruunun-takana\/#primaryimage","url":"https:\/\/www.santaclausreindeer.fi\/wp-content\/uploads\/2024\/09\/santa-claus-reindeer-our-reindeer-6.jpg","contentUrl":"https:\/\/www.santaclausreindeer.fi\/wp-content\/uploads\/2024\/09\/santa-claus-reindeer-our-reindeer-6.jpg","width":1920,"height":1056},{"@type":"BreadcrumbList","@id":"https:\/\/www.santaclausreindeer.fi\/fi\/poron-sarvet-kiehtovia-faktoja-lapin-ikonisen-kruunun-takana\/#breadcrumb","itemListElement":[{"@type":"ListItem","position":1,"name":"Home","item":"https:\/\/www.santaclausreindeer.fi\/fi\/"},{"@type":"ListItem","position":2,"name":"Poron sarvet \u2013 Kiehtovia faktoja Lapin ikonisen kruunun takana"}]},{"@type":"WebSite","@id":"https:\/\/www.santaclausreindeer.fi\/fi\/#website","url":"https:\/\/www.santaclausreindeer.fi\/fi\/","name":"Santa Claus Reindeer","description":"Arctic Circle, Rovaniemi, Lapland","publisher":{"@id":"https:\/\/www.santaclausreindeer.fi\/fi\/#organization"},"potentialAction":[{"@type":"SearchAction","target":{"@type":"EntryPoint","urlTemplate":"https:\/\/www.santaclausreindeer.fi\/fi\/?s={search_term_string}"},"query-input":{"@type":"PropertyValueSpecification","valueRequired":true,"valueName":"search_term_string"}}],"inLanguage":"fi"},{"@type":"Organization","@id":"https:\/\/www.santaclausreindeer.fi\/fi\/#organization","name":"Santa Claus Reindeer","url":"https:\/\/www.santaclausreindeer.fi\/fi\/","logo":{"@type":"ImageObject","inLanguage":"fi","@id":"https:\/\/www.santaclausreindeer.fi\/fi\/#\/schema\/logo\/image\/","url":"https:\/\/www.santaclausreindeer.fi\/wp-content\/uploads\/2024\/10\/scr_logo_vaakaslogan-RVN-RGB-opt.svg","contentUrl":"https:\/\/www.santaclausreindeer.fi\/wp-content\/uploads\/2024\/10\/scr_logo_vaakaslogan-RVN-RGB-opt.svg","width":396,"height":212,"caption":"Santa Claus Reindeer"},"image":{"@id":"https:\/\/www.santaclausreindeer.fi\/fi\/#\/schema\/logo\/image\/"},"sameAs":["https:\/\/www.facebook.com\/SantaClausReindeer\/","https:\/\/www.instagram.com\/santaclausreindeer\/","https:\/\/www.youtube.com\/user\/santareindeerlapland","https:\/\/www.tripadvisor.fr\/Attraction_Review-g189922-d6662018-Reviews-Santa_Claus_Reindeer-Rovaniemi_Lapland.html"]},{"@type":"Person","@id":"https:\/\/www.santaclausreindeer.fi\/fi\/#\/schema\/person\/24b0b6a7c844813e8e9135dc7c2d2b33","name":"Info","image":{"@type":"ImageObject","inLanguage":"fi","@id":"https:\/\/secure.gravatar.com\/avatar\/9b0f90b8eb18d2df2dd3bb5481aeb5fa66e021d5be5f8c4b15722b1a046d7cb6?s=96&d=mm&r=g","url":"https:\/\/secure.gravatar.com\/avatar\/9b0f90b8eb18d2df2dd3bb5481aeb5fa66e021d5be5f8c4b15722b1a046d7cb6?s=96&d=mm&r=g","contentUrl":"https:\/\/secure.gravatar.com\/avatar\/9b0f90b8eb18d2df2dd3bb5481aeb5fa66e021d5be5f8c4b15722b1a046d7cb6?s=96&d=mm&r=g","caption":"Info"}}]}},"_links":{"self":[{"href":"https:\/\/www.santaclausreindeer.fi\/fi\/wp-json\/wp\/v2\/posts\/67496","targetHints":{"allow":["GET"]}}],"collection":[{"href":"https:\/\/www.santaclausreindeer.fi\/fi\/wp-json\/wp\/v2\/posts"}],"about":[{"href":"https:\/\/www.santaclausreindeer.fi\/fi\/wp-json\/wp\/v2\/types\/post"}],"author":[{"embeddable":true,"href":"https:\/\/www.santaclausreindeer.fi\/fi\/wp-json\/wp\/v2\/users\/9"}],"replies":[{"embeddable":true,"href":"https:\/\/www.santaclausreindeer.fi\/fi\/wp-json\/wp\/v2\/comments?post=67496"}],"version-history":[{"count":2,"href":"https:\/\/www.santaclausreindeer.fi\/fi\/wp-json\/wp\/v2\/posts\/67496\/revisions"}],"predecessor-version":[{"id":67502,"href":"https:\/\/www.santaclausreindeer.fi\/fi\/wp-json\/wp\/v2\/posts\/67496\/revisions\/67502"}],"wp:featuredmedia":[{"embeddable":true,"href":"https:\/\/www.santaclausreindeer.fi\/fi\/wp-json\/wp\/v2\/media\/63854"}],"wp:attachment":[{"href":"https:\/\/www.santaclausreindeer.fi\/fi\/wp-json\/wp\/v2\/media?parent=67496"}],"wp:term":[{"taxonomy":"category","embeddable":true,"href":"https:\/\/www.santaclausreindeer.fi\/fi\/wp-json\/wp\/v2\/categories?post=67496"},{"taxonomy":"post_tag","embeddable":true,"href":"https:\/\/www.santaclausreindeer.fi\/fi\/wp-json\/wp\/v2\/tags?post=67496"}],"curies":[{"name":"wp","href":"https:\/\/api.w.org\/{rel}","templated":true}]}}