{"id":67480,"date":"2025-06-23T14:35:42","date_gmt":"2025-06-23T11:35:42","guid":{"rendered":"https:\/\/www.santaclausreindeer.fi\/tekemista-rovaniemella-kesalla-lapin-taianomainen-lammin-kausi\/"},"modified":"2026-01-22T11:53:16","modified_gmt":"2026-01-22T09:53:16","slug":"tekemista-rovaniemella-kesalla-lapin-taianomainen-lammin-kausi","status":"publish","type":"post","link":"https:\/\/www.santaclausreindeer.fi\/fi\/tekemista-rovaniemella-kesalla-lapin-taianomainen-lammin-kausi\/","title":{"rendered":"Tekemist\u00e4 Rovaniemell\u00e4 kes\u00e4ll\u00e4: Lapin taianomainen l\u00e4mmin kausi"},"content":{"rendered":"<p>[et_pb_section fb_built=&#8221;1&#8243; _builder_version=&#8221;4.27.4&#8243; _module_preset=&#8221;default&#8221; background_image=&#8221;https:\/\/www.santaclausreindeer.fi\/wp-content\/uploads\/2025\/04\/Meet-reindeer-in-summer-by-Santa-Claus-Reindeer-in-Santa-Claus-Village-Arctic-Circle-scaled.jpg&#8221; global_colors_info=&#8221;{}&#8221;][et_pb_row _builder_version=&#8221;4.27.4&#8243; _module_preset=&#8221;default&#8221; global_colors_info=&#8221;{}&#8221;][et_pb_column type=&#8221;4_4&#8243; _builder_version=&#8221;4.27.4&#8243; _module_preset=&#8221;default&#8221; global_colors_info=&#8221;{}&#8221;][et_pb_text _builder_version=&#8221;4.27.4&#8243; _module_preset=&#8221;default&#8221; background_layout=&#8221;dark&#8221; global_colors_info=&#8221;{}&#8221;]<\/p>\n<p data-start=\"0\" data-end=\"333\">Kun ihmiset ajattelevat Rovanieme\u00e4, he mielt\u00e4v\u00e4t usein lumiset mets\u00e4t, Joulupukin ja taianomaisen revontulien hehkun. Mutta Lapin p\u00e4\u00e4kaupungissa on my\u00f6s aivan toinen puoli \u2013 Rovaniemi kes\u00e4ll\u00e4. Keskiy\u00f6n auringon maa muuttuu eloisaksi, vihre\u00e4ksi keitaaksi, joka on t\u00e4ynn\u00e4 el\u00e4m\u00e4\u00e4, ulkoilma-aktiviteetteja ja perheyst\u00e4v\u00e4llisi\u00e4 tekemisi\u00e4.<\/p>\n<p><\/p>\n<p data-start=\"335\" data-end=\"498\" data-is-last-node=\"\" data-is-only-node=\"\">T\u00e4ss\u00e4 kirjoituksessa tutustumme parhaisiin kes\u00e4tekemisiin Rovaniemell\u00e4, tarjoten t\u00e4ydellisen oppaan arktisen lomasi maksimoimiseen \u2013 ilman lumihiutaletta silmist\u00e4.<\/p>\n<p>[\/et_pb_text][\/et_pb_column][\/et_pb_row][\/et_pb_section][et_pb_section fb_built=&#8221;1&#8243; _builder_version=&#8221;4.27.4&#8243; _module_preset=&#8221;default&#8221; global_colors_info=&#8221;{}&#8221;][et_pb_row _builder_version=&#8221;4.27.4&#8243; _module_preset=&#8221;default&#8221; custom_padding=&#8221;||27px|||&#8221; global_colors_info=&#8221;{}&#8221;][et_pb_column type=&#8221;4_4&#8243; _builder_version=&#8221;4.27.4&#8243; _module_preset=&#8221;default&#8221; global_colors_info=&#8221;{}&#8221;][et_pb_text _builder_version=&#8221;4.27.4&#8243; _module_preset=&#8221;default&#8221; global_colors_info=&#8221;{}&#8221;]<\/p>\n<h2 data-start=\"3\" data-end=\"61\"><strong data-start=\"3\" data-end=\"61\">1. Vieraile Santa Claus Villagessa \u2013 Kyll\u00e4, jopa kes\u00e4ll\u00e4!<\/strong><\/h2>\n<p><\/p>\n<p data-start=\"63\" data-end=\"229\">Joulupukki ei pid\u00e4 kes\u00e4lomaa! H\u00e4nen kyl\u00e4ns\u00e4 on avoinna ymp\u00e4ri vuoden, ja kes\u00e4 on loistavaa aikaa vierailla, sill\u00e4 silloin on v\u00e4hemm\u00e4n v\u00e4kijoukkoja ja pidemm\u00e4t p\u00e4iv\u00e4t.<\/p>\n<p><\/p>\n<h3 data-start=\"231\" data-end=\"272\">Tekemist\u00e4 Napapiiriss\u00e4 kes\u00e4ll\u00e4:<\/h3>\n<p><\/p>\n<ul data-start=\"274\" data-end=\"510\">\n<li data-start=\"274\" data-end=\"338\">\n<p data-start=\"276\" data-end=\"338\">Ylit\u00e4 taianomainen napapiirin rajaviiva (kolmella eri tavalla)<\/p>\n<\/li>\n<li data-start=\"339\" data-end=\"376\">\n<p data-start=\"341\" data-end=\"376\">Tapaa Joulupukki henkil\u00f6kohtaisesti<\/p>\n<\/li>\n<li data-start=\"377\" data-end=\"436\">\n<p data-start=\"379\" data-end=\"436\">L\u00e4het\u00e4 postikortteja erityisell\u00e4 napapiirin postimerkill\u00e4<\/p>\n<\/li>\n<li data-start=\"437\" data-end=\"510\">\n<p data-start=\"439\" data-end=\"510\">Tutustu matkamuistomyym\u00e4l\u00f6ihin, kahviloihin ja Joulupukin p\u00e4\u00e4postiin<\/p>\n<\/li>\n<\/ul>\n<p><\/p>\n<p data-start=\"512\" data-end=\"585\">Vihre\u00e4t niityt lumen sijaan antavat kyl\u00e4lle uuden, ainutlaatuisen puolen.<\/p>\n<p><\/p>\n<h2 data-start=\"590\" data-end=\"620\"><strong data-start=\"590\" data-end=\"620\">2. Tapaa Joulupukin porolauma<\/strong><\/h2>\n<p><\/p>\n<p data-start=\"622\" data-end=\"815\">Kes\u00e4lomasi Rovaniemell\u00e4 ei ole t\u00e4ydellinen ilman vierailua Santa Claus Reindeer -paikassa. Kun porot saavat lev\u00e4t\u00e4 reki-teht\u00e4vist\u00e4\u00e4n, ne rakastavat tavata vierailijoita l\u00e4mpim\u00e4mpin\u00e4 kuukausina.<\/p>\n<p><\/p>\n<h3 data-start=\"817\" data-end=\"852\">Kes\u00e4iset kokemukset porojen kanssa:<\/h3>\n<p><\/p>\n<ul data-start=\"854\" data-end=\"995\">\n<li data-start=\"854\" data-end=\"897\">\n<p data-start=\"856\" data-end=\"897\">Sy\u00f6t\u00e4 ja silittele yst\u00e4v\u00e4llisi\u00e4 porojamme<\/p>\n<\/li>\n<li data-start=\"898\" data-end=\"943\">\n<p data-start=\"900\" data-end=\"943\">Opettele saamelaiskulttuuria ja poronhoitoa<\/p>\n<\/li>\n<li data-start=\"944\" data-end=\"995\">\n<p data-start=\"946\" data-end=\"995\">Tallenna unohtumattomia perhekuvia kes\u00e4auringossa<\/p>\n<\/li>\n<\/ul>\n<p><\/p>\n<p data-start=\"997\" data-end=\"1123\">Porot ovat olennainen osa Lapin identiteetti\u00e4, ja kes\u00e4 tarjoaa t\u00e4ydellisen mahdollisuuden rentoihin ja l\u00e4heisiin kohtaamisiin.<\/p>\n<p><\/p>\n<h2 data-start=\"1128\" data-end=\"1178\"><strong data-start=\"1128\" data-end=\"1178\">3. Keskiy\u00f6n auringon taika Napapiiriss\u00e4<\/strong><\/h2>\n<p><\/p>\n<p data-start=\"1180\" data-end=\"1442\">Touko\u2013hein\u00e4kuussa keskiy\u00f6n aurinko kylpee Napapiiriss\u00e4 kultaisessa valossa ymp\u00e4ri vuorokauden \u2013 p\u00e4iv\u00e4 muuttuu unenomaiseksi kokemukseksi, jossa y\u00f6 ei koskaan laskeudu. Se on t\u00e4ydellinen ymp\u00e4rist\u00f6 nauttia arktisen alueen taianomaisesta kes\u00e4ilmapiirist\u00e4.<\/p>\n<p><\/p>\n<h3 data-start=\"1444\" data-end=\"1502\">Tapoja nauttia keskiy\u00f6n auringosta Napapiiriss\u00e4:<\/h3>\n<p><\/p>\n<ul data-start=\"1504\" data-end=\"1929\">\n<li data-start=\"1504\" data-end=\"1570\">\n<p data-start=\"1506\" data-end=\"1570\">Ylit\u00e4 Napapiirin rajaviiva keskiy\u00f6n valossa \u2013 unohtumaton hetki!<\/p>\n<\/li>\n<li data-start=\"1571\" data-end=\"1644\">\n<p data-start=\"1573\" data-end=\"1644\">Tapaa Joulupukki hehkuvassa valossa, joka tuntuu todella taianomaiselta<\/p>\n<\/li>\n<li data-start=\"1645\" data-end=\"1748\">\n<p data-start=\"1647\" data-end=\"1748\">Nauti iltak\u00e4velyst\u00e4 kyl\u00e4n ymp\u00e4rill\u00e4 olevilla mets\u00e4poluilla, jotka hohtavat pehmeiss\u00e4 amberin s\u00e4vyiss\u00e4<\/p>\n<\/li>\n<li data-start=\"1749\" data-end=\"1822\">\n<p data-start=\"1751\" data-end=\"1822\">Nauti illallista tai juo kahvia ulkona, kylpeen ikuisessa p\u00e4iv\u00e4nvalossa<\/p>\n<\/li>\n<li data-start=\"1823\" data-end=\"1929\">\n<p data-start=\"1825\" data-end=\"1929\">Ota kultaisen tunnin valokuvia porojen, hirsim\u00f6kkien ja ikonisten arktisten maamerkkien kanssa taustalla<\/p>\n<\/li>\n<\/ul>\n<p><\/p>\n<p data-start=\"1931\" data-end=\"2168\" data-is-last-node=\"\" data-is-only-node=\"\">Napapiirin rauhallinen energia ja surrealistinen kauneus keskiy\u00f6n auringon alla on jotain sellaista, mit\u00e4 ei l\u00f6ydy mist\u00e4\u00e4n muualta maailmassa. Se on ainutlaatuinen kokemus, joka yhdist\u00e4\u00e4 luonnon ihmeen ja ajattoman jouluhengen.<\/p>\n<p>[\/et_pb_text][\/et_pb_column][\/et_pb_row][\/et_pb_section][et_pb_section fb_built=&#8221;1&#8243; _builder_version=&#8221;4.27.4&#8243; _module_preset=&#8221;default&#8221; background_image=&#8221;https:\/\/www.santaclausreindeer.fi\/wp-content\/uploads\/2025\/05\/santa-claus-reindeer-summer-elves105-scaled.jpg&#8221; custom_padding=&#8221;||235px|||&#8221; global_colors_info=&#8221;{}&#8221;][et_pb_row _builder_version=&#8221;4.27.4&#8243; _module_preset=&#8221;default&#8221; global_colors_info=&#8221;{}&#8221;][et_pb_column type=&#8221;4_4&#8243; _builder_version=&#8221;4.27.4&#8243; _module_preset=&#8221;default&#8221; global_colors_info=&#8221;{}&#8221;][et_pb_text _builder_version=&#8221;4.27.4&#8243; _module_preset=&#8221;default&#8221; global_colors_info=&#8221;{}&#8221;][\/et_pb_text][\/et_pb_column][\/et_pb_row][\/et_pb_section][et_pb_section fb_built=&#8221;1&#8243; _builder_version=&#8221;4.27.4&#8243; _module_preset=&#8221;default&#8221; global_colors_info=&#8221;{}&#8221;][et_pb_row _builder_version=&#8221;4.27.4&#8243; _module_preset=&#8221;default&#8221; global_colors_info=&#8221;{}&#8221;][et_pb_column type=&#8221;4_4&#8243; _builder_version=&#8221;4.27.4&#8243; _module_preset=&#8221;default&#8221; global_colors_info=&#8221;{}&#8221;][et_pb_text _builder_version=&#8221;4.27.4&#8243; _module_preset=&#8221;default&#8221; global_colors_info=&#8221;{}&#8221;]<\/p>\n<h2 data-start=\"3\" data-end=\"43\"><strong data-start=\"3\" data-end=\"43\">4. L\u00e4hde marjojen ja sienien poimintaan<\/strong><\/h2>\n<p><\/p>\n<p data-start=\"45\" data-end=\"132\">Luonto on runsaasti tarjolla Lapissa, ja marjastus on rakastettu suomalainen ajanviete.<\/p>\n<p><\/p>\n<p data-start=\"134\" data-end=\"147\">Parhaat ajat:<\/p>\n<p><\/p>\n<ul data-start=\"149\" data-end=\"269\">\n<li data-start=\"149\" data-end=\"193\">\n<p data-start=\"151\" data-end=\"193\">Mustikat: hein\u00e4kuun puoliv\u00e4list\u00e4 elokuuhun<\/p>\n<\/li>\n<li data-start=\"194\" data-end=\"230\">\n<p data-start=\"196\" data-end=\"230\">Puolukat ja karpalot: loppukes\u00e4ll\u00e4<\/p>\n<\/li>\n<li data-start=\"231\" data-end=\"269\">\n<p data-start=\"233\" data-end=\"269\">Sienet: elokuusta my\u00f6h\u00e4iseen syksyyn<\/p>\n<\/li>\n<\/ul>\n<p><\/p>\n<p data-start=\"271\" data-end=\"453\">Voit liitty\u00e4 opastetulle retkelle tai yksinkertaisesti vaeltaa mets\u00e4\u00e4n korin kanssa. Monet paikalliset kertovat, ett\u00e4 t\u00e4m\u00e4 on rentouttavin tapa yhdisty\u00e4 Rovaniemelle ja sen luontoon.<\/p>\n<p><\/p>\n<h2 data-start=\"458\" data-end=\"496\"><strong data-start=\"458\" data-end=\"496\">5. Tee jokiristeily tai kalastusretki<\/strong><\/h2>\n<p><\/p>\n<p data-start=\"498\" data-end=\"642\">Rovaniemi sijaitsee kahden suuren joen, Kemijoen ja Ounasjoen, yhtym\u00e4kohdassa, mik\u00e4 tekee siit\u00e4 ihanteellisen paikan vesipohjaiseen tutkimiseen.<\/p>\n<p><\/p>\n<p data-start=\"644\" data-end=\"654\">Tekemist\u00e4:<\/p>\n<p><\/p>\n<ul data-start=\"656\" data-end=\"816\">\n<li data-start=\"656\" data-end=\"709\">\n<p data-start=\"658\" data-end=\"709\">Auringonlaskuristeilyt paikallisten oppaiden kanssa<\/p>\n<\/li>\n<li data-start=\"710\" data-end=\"761\">\n<p data-start=\"712\" data-end=\"761\">Kalastusretket taimenelle, harjukselle ja hauelle<\/p>\n<\/li>\n<li data-start=\"762\" data-end=\"816\">\n<p data-start=\"764\" data-end=\"816\">Melonta tai veneily rauhalliselle luontopakomatkalle<\/p>\n<\/li>\n<\/ul>\n<p><\/p>\n<p data-start=\"818\" data-end=\"906\">Saat ainutlaatuisen n\u00e4kym\u00e4n maisemaan ja voit jopa n\u00e4hd\u00e4 paikallisia lintuja ja majavaa.<\/p>\n<p><\/p>\n<h2 data-start=\"911\" data-end=\"962\"><strong data-start=\"911\" data-end=\"962\">6. Rentoudu suomalaisessa saunassa j\u00e4rven rannalla<\/strong><\/h2>\n<p><\/p>\n<p data-start=\"964\" data-end=\"1098\">Riippumatta vuodenajasta, saunat ovat osa suomalaista el\u00e4m\u00e4\u00e4. Kes\u00e4ll\u00e4 voit yhdist\u00e4\u00e4 saunakokemuksen virkist\u00e4v\u00e4\u00e4n pulahdukseen j\u00e4rveen.<\/p>\n<p><\/p>\n<p data-start=\"1100\" data-end=\"1123\">Kes\u00e4n saunamielipiteet:<\/p>\n<p><\/p>\n<ul data-start=\"1125\" data-end=\"1250\">\n<li data-start=\"1125\" data-end=\"1163\">\n<p data-start=\"1127\" data-end=\"1163\">Perinteiset savusaunat veden \u00e4\u00e4rell\u00e4<\/p>\n<\/li>\n<li data-start=\"1164\" data-end=\"1188\">\n<p data-start=\"1166\" data-end=\"1188\">Kelluvat saunat joella<\/p>\n<\/li>\n<li data-start=\"1189\" data-end=\"1250\">\n<p data-start=\"1191\" data-end=\"1250\">Saunapaketteja j\u00e4rven rannalla grillauksineen tai juomineen<\/p>\n<\/li>\n<\/ul>\n<p><\/p>\n<p data-start=\"1252\" data-end=\"1338\" data-is-last-node=\"\" data-is-only-node=\"\">Seikkailup\u00e4iv\u00e4n j\u00e4lkeen se on t\u00e4ydellinen tapa rentoutua ja nauttia Lapin tunnelmasta.<\/p>\n<p>[\/et_pb_text][\/et_pb_column][\/et_pb_row][\/et_pb_section][et_pb_section fb_built=&#8221;1&#8243; _builder_version=&#8221;4.27.4&#8243; _module_preset=&#8221;default&#8221; background_image=&#8221;https:\/\/www.santaclausreindeer.fi\/wp-content\/uploads\/2025\/06\/JPP_kesa-271-scaled.jpg&#8221; custom_padding=&#8221;||304px|||&#8221; global_colors_info=&#8221;{}&#8221;][\/et_pb_section][et_pb_section fb_built=&#8221;1&#8243; _builder_version=&#8221;4.27.4&#8243; _module_preset=&#8221;default&#8221; global_colors_info=&#8221;{}&#8221;][et_pb_row _builder_version=&#8221;4.27.4&#8243; _module_preset=&#8221;default&#8221; global_colors_info=&#8221;{}&#8221;][et_pb_column type=&#8221;4_4&#8243; _builder_version=&#8221;4.27.4&#8243; _module_preset=&#8221;default&#8221; global_colors_info=&#8221;{}&#8221;][et_pb_text _builder_version=&#8221;4.27.4&#8243; _module_preset=&#8221;default&#8221; global_colors_info=&#8221;{}&#8221;]<\/p>\n<h2 data-start=\"0\" data-end=\"39\">Suunnittele kes\u00e4vierailusi Rovaniemelle<\/h2>\n<p><\/p>\n<p data-start=\"41\" data-end=\"296\">Olitpa sitten tulossa porojen, luonnon tai kulttuurikokemusten vuoksi, Rovaniemell\u00e4 on lukemattomia tekemisi\u00e4 kes\u00e4ll\u00e4. Se on t\u00e4ydellinen kohde perheille, pareille ja yksinmatkustajille, jotka etsiv\u00e4t rauhaa, luonnon kauneutta ja ripauksen arktista taikaa.<\/p>\n<p><\/p>\n<p data-start=\"298\" data-end=\"489\" data-is-last-node=\"\" data-is-only-node=\"\">Valmiina tapaamaan porojamme tai suunnittelemaan r\u00e4\u00e4t\u00e4l\u00f6ity kes\u00e4kokemus Lapissa? Ota yhteytt\u00e4 <a href=\"https:\/\/www.santaclausreindeer.fi\/fi\/\">Santa Claus Reindeer<\/a> -paikkaan, ja autamme sinua luomaan unohtumattoman l\u00e4mpim\u00e4n s\u00e4\u00e4n seikkailun.<\/p>\n<p>[\/et_pb_text][\/et_pb_column][\/et_pb_row][\/et_pb_section]<\/p>\n","protected":false},"excerpt":{"rendered":"<p>Kun ihmiset ajattelevat Rovanieme\u00e4, he mielt\u00e4v\u00e4t usein lumiset mets\u00e4t, Joulupukin ja taianomaisen revontulien hehkun. Mutta Lapin p\u00e4\u00e4kaupungissa on my\u00f6s aivan [&hellip;]<\/p>\n","protected":false},"author":9,"featured_media":67184,"comment_status":"open","ping_status":"open","sticky":false,"template":"","format":"gallery","meta":{"_acf_changed":false,"_et_pb_use_builder":"on","_et_pb_old_content":"","_et_gb_content_width":"","inline_featured_image":false,"footnotes":""},"categories":[7500],"tags":[7504,7461,7513,7483,7503,7484,7482,7514],"class_list":["post-67480","post","type-post","status-publish","format-gallery","has-post-thumbnail","hentry","category-kesa","tag-napapiiri","tag-reindeer","tag-reindeer-fi","tag-rovaniemi","tag-rovaniemi-fi","tag-santa-claus-village","tag-summer","tag-summer-fi","post_format-post-format-gallery"],"acf":[],"yoast_head":"<!-- This site is optimized with the Yoast SEO plugin v27.4 - https:\/\/yoast.com\/product\/yoast-seo-wordpress\/ -->\n<title>Tekemist\u00e4 Rovaniemell\u00e4 kes\u00e4ll\u00e4: Lapin taianomainen l\u00e4mmin kausi - Santa Claus Reindeer<\/title>\n<meta name=\"description\" content=\"L\u00f6yd\u00e4 parhaat tekemiset Rovaniemell\u00e4 kes\u00e4ll\u00e4 \u2013 porojen tapaamisesta Joulupukin kanssa keskiy\u00f6n auringon nauttimiseen Santa Claus Villagessa.\" \/>\n<meta name=\"robots\" content=\"index, follow, max-snippet:-1, max-image-preview:large, max-video-preview:-1\" \/>\n<link rel=\"canonical\" href=\"https:\/\/www.santaclausreindeer.fi\/fi\/tekemista-rovaniemella-kesalla-lapin-taianomainen-lammin-kausi\/\" \/>\n<meta property=\"og:locale\" content=\"fi_FI\" \/>\n<meta property=\"og:type\" content=\"article\" \/>\n<meta property=\"og:title\" content=\"Tekemist\u00e4 Rovaniemell\u00e4 kes\u00e4ll\u00e4: Lapin taianomainen l\u00e4mmin kausi - Santa Claus Reindeer\" \/>\n<meta property=\"og:description\" content=\"L\u00f6yd\u00e4 parhaat tekemiset Rovaniemell\u00e4 kes\u00e4ll\u00e4 \u2013 porojen tapaamisesta Joulupukin kanssa keskiy\u00f6n auringon nauttimiseen Santa Claus Villagessa.\" \/>\n<meta property=\"og:url\" content=\"https:\/\/www.santaclausreindeer.fi\/fi\/tekemista-rovaniemella-kesalla-lapin-taianomainen-lammin-kausi\/\" \/>\n<meta property=\"og:site_name\" content=\"Santa Claus Reindeer\" \/>\n<meta property=\"article:publisher\" content=\"https:\/\/www.facebook.com\/SantaClausReindeer\/\" \/>\n<meta property=\"article:published_time\" content=\"2025-06-23T11:35:42+00:00\" \/>\n<meta property=\"article:modified_time\" content=\"2026-01-22T09:53:16+00:00\" \/>\n<meta property=\"og:image\" content=\"https:\/\/www.santaclausreindeer.fi\/wp-content\/uploads\/2025\/06\/JPP_kesa-271-scaled.jpg\" \/>\n\t<meta property=\"og:image:width\" content=\"2048\" \/>\n\t<meta property=\"og:image:height\" content=\"2560\" \/>\n\t<meta property=\"og:image:type\" content=\"image\/jpeg\" \/>\n<meta name=\"author\" content=\"Info\" \/>\n<meta name=\"twitter:card\" content=\"summary_large_image\" \/>\n<meta name=\"twitter:label1\" content=\"Kirjoittanut\" \/>\n\t<meta name=\"twitter:data1\" content=\"Info\" \/>\n\t<meta name=\"twitter:label2\" content=\"Arvioitu lukuaika\" \/>\n\t<meta name=\"twitter:data2\" content=\"5 minuuttia\" \/>\n<script type=\"application\/ld+json\" class=\"yoast-schema-graph\">{\"@context\":\"https:\\\/\\\/schema.org\",\"@graph\":[{\"@type\":\"Article\",\"@id\":\"https:\\\/\\\/www.santaclausreindeer.fi\\\/fi\\\/tekemista-rovaniemella-kesalla-lapin-taianomainen-lammin-kausi\\\/#article\",\"isPartOf\":{\"@id\":\"https:\\\/\\\/www.santaclausreindeer.fi\\\/fi\\\/tekemista-rovaniemella-kesalla-lapin-taianomainen-lammin-kausi\\\/\"},\"author\":{\"name\":\"Info\",\"@id\":\"https:\\\/\\\/www.santaclausreindeer.fi\\\/fi\\\/#\\\/schema\\\/person\\\/24b0b6a7c844813e8e9135dc7c2d2b33\"},\"headline\":\"Tekemist\u00e4 Rovaniemell\u00e4 kes\u00e4ll\u00e4: Lapin taianomainen l\u00e4mmin kausi\",\"datePublished\":\"2025-06-23T11:35:42+00:00\",\"dateModified\":\"2026-01-22T09:53:16+00:00\",\"mainEntityOfPage\":{\"@id\":\"https:\\\/\\\/www.santaclausreindeer.fi\\\/fi\\\/tekemista-rovaniemella-kesalla-lapin-taianomainen-lammin-kausi\\\/\"},\"wordCount\":957,\"commentCount\":0,\"publisher\":{\"@id\":\"https:\\\/\\\/www.santaclausreindeer.fi\\\/fi\\\/#organization\"},\"image\":{\"@id\":\"https:\\\/\\\/www.santaclausreindeer.fi\\\/fi\\\/tekemista-rovaniemella-kesalla-lapin-taianomainen-lammin-kausi\\\/#primaryimage\"},\"thumbnailUrl\":\"https:\\\/\\\/www.santaclausreindeer.fi\\\/wp-content\\\/uploads\\\/2025\\\/06\\\/JPP_kesa-271-scaled.jpg\",\"keywords\":[\"Napapiiri\",\"reindeer\",\"reindeer\",\"rovaniemi\",\"rovaniemi\",\"Santa Claus village\",\"summer\",\"summer\"],\"articleSection\":[\"Kes\u00e4\"],\"inLanguage\":\"fi\",\"potentialAction\":[{\"@type\":\"CommentAction\",\"name\":\"Comment\",\"target\":[\"https:\\\/\\\/www.santaclausreindeer.fi\\\/fi\\\/tekemista-rovaniemella-kesalla-lapin-taianomainen-lammin-kausi\\\/#respond\"]}]},{\"@type\":\"WebPage\",\"@id\":\"https:\\\/\\\/www.santaclausreindeer.fi\\\/fi\\\/tekemista-rovaniemella-kesalla-lapin-taianomainen-lammin-kausi\\\/\",\"url\":\"https:\\\/\\\/www.santaclausreindeer.fi\\\/fi\\\/tekemista-rovaniemella-kesalla-lapin-taianomainen-lammin-kausi\\\/\",\"name\":\"Tekemist\u00e4 Rovaniemell\u00e4 kes\u00e4ll\u00e4: Lapin taianomainen l\u00e4mmin kausi - Santa Claus Reindeer\",\"isPartOf\":{\"@id\":\"https:\\\/\\\/www.santaclausreindeer.fi\\\/fi\\\/#website\"},\"primaryImageOfPage\":{\"@id\":\"https:\\\/\\\/www.santaclausreindeer.fi\\\/fi\\\/tekemista-rovaniemella-kesalla-lapin-taianomainen-lammin-kausi\\\/#primaryimage\"},\"image\":{\"@id\":\"https:\\\/\\\/www.santaclausreindeer.fi\\\/fi\\\/tekemista-rovaniemella-kesalla-lapin-taianomainen-lammin-kausi\\\/#primaryimage\"},\"thumbnailUrl\":\"https:\\\/\\\/www.santaclausreindeer.fi\\\/wp-content\\\/uploads\\\/2025\\\/06\\\/JPP_kesa-271-scaled.jpg\",\"datePublished\":\"2025-06-23T11:35:42+00:00\",\"dateModified\":\"2026-01-22T09:53:16+00:00\",\"description\":\"L\u00f6yd\u00e4 parhaat tekemiset Rovaniemell\u00e4 kes\u00e4ll\u00e4 \u2013 porojen tapaamisesta Joulupukin kanssa keskiy\u00f6n auringon nauttimiseen Santa Claus Villagessa.\",\"breadcrumb\":{\"@id\":\"https:\\\/\\\/www.santaclausreindeer.fi\\\/fi\\\/tekemista-rovaniemella-kesalla-lapin-taianomainen-lammin-kausi\\\/#breadcrumb\"},\"inLanguage\":\"fi\",\"potentialAction\":[{\"@type\":\"ReadAction\",\"target\":[\"https:\\\/\\\/www.santaclausreindeer.fi\\\/fi\\\/tekemista-rovaniemella-kesalla-lapin-taianomainen-lammin-kausi\\\/\"]}]},{\"@type\":\"ImageObject\",\"inLanguage\":\"fi\",\"@id\":\"https:\\\/\\\/www.santaclausreindeer.fi\\\/fi\\\/tekemista-rovaniemella-kesalla-lapin-taianomainen-lammin-kausi\\\/#primaryimage\",\"url\":\"https:\\\/\\\/www.santaclausreindeer.fi\\\/wp-content\\\/uploads\\\/2025\\\/06\\\/JPP_kesa-271-scaled.jpg\",\"contentUrl\":\"https:\\\/\\\/www.santaclausreindeer.fi\\\/wp-content\\\/uploads\\\/2025\\\/06\\\/JPP_kesa-271-scaled.jpg\",\"width\":2048,\"height\":2560,\"caption\":\"Porot kes\u00e4ll\u00e4 Lapissa\"},{\"@type\":\"BreadcrumbList\",\"@id\":\"https:\\\/\\\/www.santaclausreindeer.fi\\\/fi\\\/tekemista-rovaniemella-kesalla-lapin-taianomainen-lammin-kausi\\\/#breadcrumb\",\"itemListElement\":[{\"@type\":\"ListItem\",\"position\":1,\"name\":\"Home\",\"item\":\"https:\\\/\\\/www.santaclausreindeer.fi\\\/fi\\\/\"},{\"@type\":\"ListItem\",\"position\":2,\"name\":\"Tekemist\u00e4 Rovaniemell\u00e4 kes\u00e4ll\u00e4: Lapin taianomainen l\u00e4mmin kausi\"}]},{\"@type\":\"WebSite\",\"@id\":\"https:\\\/\\\/www.santaclausreindeer.fi\\\/fi\\\/#website\",\"url\":\"https:\\\/\\\/www.santaclausreindeer.fi\\\/fi\\\/\",\"name\":\"Santa Claus Reindeer\",\"description\":\"Arctic Circle, Rovaniemi, Lapland\",\"publisher\":{\"@id\":\"https:\\\/\\\/www.santaclausreindeer.fi\\\/fi\\\/#organization\"},\"potentialAction\":[{\"@type\":\"SearchAction\",\"target\":{\"@type\":\"EntryPoint\",\"urlTemplate\":\"https:\\\/\\\/www.santaclausreindeer.fi\\\/fi\\\/?s={search_term_string}\"},\"query-input\":{\"@type\":\"PropertyValueSpecification\",\"valueRequired\":true,\"valueName\":\"search_term_string\"}}],\"inLanguage\":\"fi\"},{\"@type\":\"Organization\",\"@id\":\"https:\\\/\\\/www.santaclausreindeer.fi\\\/fi\\\/#organization\",\"name\":\"Santa Claus Reindeer\",\"url\":\"https:\\\/\\\/www.santaclausreindeer.fi\\\/fi\\\/\",\"logo\":{\"@type\":\"ImageObject\",\"inLanguage\":\"fi\",\"@id\":\"https:\\\/\\\/www.santaclausreindeer.fi\\\/fi\\\/#\\\/schema\\\/logo\\\/image\\\/\",\"url\":\"https:\\\/\\\/www.santaclausreindeer.fi\\\/wp-content\\\/uploads\\\/2024\\\/10\\\/scr_logo_vaakaslogan-RVN-RGB-opt.svg\",\"contentUrl\":\"https:\\\/\\\/www.santaclausreindeer.fi\\\/wp-content\\\/uploads\\\/2024\\\/10\\\/scr_logo_vaakaslogan-RVN-RGB-opt.svg\",\"width\":396,\"height\":212,\"caption\":\"Santa Claus Reindeer\"},\"image\":{\"@id\":\"https:\\\/\\\/www.santaclausreindeer.fi\\\/fi\\\/#\\\/schema\\\/logo\\\/image\\\/\"},\"sameAs\":[\"https:\\\/\\\/www.facebook.com\\\/SantaClausReindeer\\\/\",\"https:\\\/\\\/www.instagram.com\\\/santaclausreindeer\\\/\",\"https:\\\/\\\/www.youtube.com\\\/user\\\/santareindeerlapland\",\"https:\\\/\\\/www.tripadvisor.fr\\\/Attraction_Review-g189922-d6662018-Reviews-Santa_Claus_Reindeer-Rovaniemi_Lapland.html\"]},{\"@type\":\"Person\",\"@id\":\"https:\\\/\\\/www.santaclausreindeer.fi\\\/fi\\\/#\\\/schema\\\/person\\\/24b0b6a7c844813e8e9135dc7c2d2b33\",\"name\":\"Info\",\"image\":{\"@type\":\"ImageObject\",\"inLanguage\":\"fi\",\"@id\":\"https:\\\/\\\/secure.gravatar.com\\\/avatar\\\/9b0f90b8eb18d2df2dd3bb5481aeb5fa66e021d5be5f8c4b15722b1a046d7cb6?s=96&d=mm&r=g\",\"url\":\"https:\\\/\\\/secure.gravatar.com\\\/avatar\\\/9b0f90b8eb18d2df2dd3bb5481aeb5fa66e021d5be5f8c4b15722b1a046d7cb6?s=96&d=mm&r=g\",\"contentUrl\":\"https:\\\/\\\/secure.gravatar.com\\\/avatar\\\/9b0f90b8eb18d2df2dd3bb5481aeb5fa66e021d5be5f8c4b15722b1a046d7cb6?s=96&d=mm&r=g\",\"caption\":\"Info\"}}]}<\/script>\n<!-- \/ Yoast SEO plugin. -->","yoast_head_json":{"title":"Tekemist\u00e4 Rovaniemell\u00e4 kes\u00e4ll\u00e4: Lapin taianomainen l\u00e4mmin kausi - Santa Claus Reindeer","description":"L\u00f6yd\u00e4 parhaat tekemiset Rovaniemell\u00e4 kes\u00e4ll\u00e4 \u2013 porojen tapaamisesta Joulupukin kanssa keskiy\u00f6n auringon nauttimiseen Santa Claus Villagessa.","robots":{"index":"index","follow":"follow","max-snippet":"max-snippet:-1","max-image-preview":"max-image-preview:large","max-video-preview":"max-video-preview:-1"},"canonical":"https:\/\/www.santaclausreindeer.fi\/fi\/tekemista-rovaniemella-kesalla-lapin-taianomainen-lammin-kausi\/","og_locale":"fi_FI","og_type":"article","og_title":"Tekemist\u00e4 Rovaniemell\u00e4 kes\u00e4ll\u00e4: Lapin taianomainen l\u00e4mmin kausi - Santa Claus Reindeer","og_description":"L\u00f6yd\u00e4 parhaat tekemiset Rovaniemell\u00e4 kes\u00e4ll\u00e4 \u2013 porojen tapaamisesta Joulupukin kanssa keskiy\u00f6n auringon nauttimiseen Santa Claus Villagessa.","og_url":"https:\/\/www.santaclausreindeer.fi\/fi\/tekemista-rovaniemella-kesalla-lapin-taianomainen-lammin-kausi\/","og_site_name":"Santa Claus Reindeer","article_publisher":"https:\/\/www.facebook.com\/SantaClausReindeer\/","article_published_time":"2025-06-23T11:35:42+00:00","article_modified_time":"2026-01-22T09:53:16+00:00","og_image":[{"width":2048,"height":2560,"url":"https:\/\/www.santaclausreindeer.fi\/wp-content\/uploads\/2025\/06\/JPP_kesa-271-scaled.jpg","type":"image\/jpeg"}],"author":"Info","twitter_card":"summary_large_image","twitter_misc":{"Kirjoittanut":"Info","Arvioitu lukuaika":"5 minuuttia"},"schema":{"@context":"https:\/\/schema.org","@graph":[{"@type":"Article","@id":"https:\/\/www.santaclausreindeer.fi\/fi\/tekemista-rovaniemella-kesalla-lapin-taianomainen-lammin-kausi\/#article","isPartOf":{"@id":"https:\/\/www.santaclausreindeer.fi\/fi\/tekemista-rovaniemella-kesalla-lapin-taianomainen-lammin-kausi\/"},"author":{"name":"Info","@id":"https:\/\/www.santaclausreindeer.fi\/fi\/#\/schema\/person\/24b0b6a7c844813e8e9135dc7c2d2b33"},"headline":"Tekemist\u00e4 Rovaniemell\u00e4 kes\u00e4ll\u00e4: Lapin taianomainen l\u00e4mmin kausi","datePublished":"2025-06-23T11:35:42+00:00","dateModified":"2026-01-22T09:53:16+00:00","mainEntityOfPage":{"@id":"https:\/\/www.santaclausreindeer.fi\/fi\/tekemista-rovaniemella-kesalla-lapin-taianomainen-lammin-kausi\/"},"wordCount":957,"commentCount":0,"publisher":{"@id":"https:\/\/www.santaclausreindeer.fi\/fi\/#organization"},"image":{"@id":"https:\/\/www.santaclausreindeer.fi\/fi\/tekemista-rovaniemella-kesalla-lapin-taianomainen-lammin-kausi\/#primaryimage"},"thumbnailUrl":"https:\/\/www.santaclausreindeer.fi\/wp-content\/uploads\/2025\/06\/JPP_kesa-271-scaled.jpg","keywords":["Napapiiri","reindeer","reindeer","rovaniemi","rovaniemi","Santa Claus village","summer","summer"],"articleSection":["Kes\u00e4"],"inLanguage":"fi","potentialAction":[{"@type":"CommentAction","name":"Comment","target":["https:\/\/www.santaclausreindeer.fi\/fi\/tekemista-rovaniemella-kesalla-lapin-taianomainen-lammin-kausi\/#respond"]}]},{"@type":"WebPage","@id":"https:\/\/www.santaclausreindeer.fi\/fi\/tekemista-rovaniemella-kesalla-lapin-taianomainen-lammin-kausi\/","url":"https:\/\/www.santaclausreindeer.fi\/fi\/tekemista-rovaniemella-kesalla-lapin-taianomainen-lammin-kausi\/","name":"Tekemist\u00e4 Rovaniemell\u00e4 kes\u00e4ll\u00e4: Lapin taianomainen l\u00e4mmin kausi - Santa Claus Reindeer","isPartOf":{"@id":"https:\/\/www.santaclausreindeer.fi\/fi\/#website"},"primaryImageOfPage":{"@id":"https:\/\/www.santaclausreindeer.fi\/fi\/tekemista-rovaniemella-kesalla-lapin-taianomainen-lammin-kausi\/#primaryimage"},"image":{"@id":"https:\/\/www.santaclausreindeer.fi\/fi\/tekemista-rovaniemella-kesalla-lapin-taianomainen-lammin-kausi\/#primaryimage"},"thumbnailUrl":"https:\/\/www.santaclausreindeer.fi\/wp-content\/uploads\/2025\/06\/JPP_kesa-271-scaled.jpg","datePublished":"2025-06-23T11:35:42+00:00","dateModified":"2026-01-22T09:53:16+00:00","description":"L\u00f6yd\u00e4 parhaat tekemiset Rovaniemell\u00e4 kes\u00e4ll\u00e4 \u2013 porojen tapaamisesta Joulupukin kanssa keskiy\u00f6n auringon nauttimiseen Santa Claus Villagessa.","breadcrumb":{"@id":"https:\/\/www.santaclausreindeer.fi\/fi\/tekemista-rovaniemella-kesalla-lapin-taianomainen-lammin-kausi\/#breadcrumb"},"inLanguage":"fi","potentialAction":[{"@type":"ReadAction","target":["https:\/\/www.santaclausreindeer.fi\/fi\/tekemista-rovaniemella-kesalla-lapin-taianomainen-lammin-kausi\/"]}]},{"@type":"ImageObject","inLanguage":"fi","@id":"https:\/\/www.santaclausreindeer.fi\/fi\/tekemista-rovaniemella-kesalla-lapin-taianomainen-lammin-kausi\/#primaryimage","url":"https:\/\/www.santaclausreindeer.fi\/wp-content\/uploads\/2025\/06\/JPP_kesa-271-scaled.jpg","contentUrl":"https:\/\/www.santaclausreindeer.fi\/wp-content\/uploads\/2025\/06\/JPP_kesa-271-scaled.jpg","width":2048,"height":2560,"caption":"Porot kes\u00e4ll\u00e4 Lapissa"},{"@type":"BreadcrumbList","@id":"https:\/\/www.santaclausreindeer.fi\/fi\/tekemista-rovaniemella-kesalla-lapin-taianomainen-lammin-kausi\/#breadcrumb","itemListElement":[{"@type":"ListItem","position":1,"name":"Home","item":"https:\/\/www.santaclausreindeer.fi\/fi\/"},{"@type":"ListItem","position":2,"name":"Tekemist\u00e4 Rovaniemell\u00e4 kes\u00e4ll\u00e4: Lapin taianomainen l\u00e4mmin kausi"}]},{"@type":"WebSite","@id":"https:\/\/www.santaclausreindeer.fi\/fi\/#website","url":"https:\/\/www.santaclausreindeer.fi\/fi\/","name":"Santa Claus Reindeer","description":"Arctic Circle, Rovaniemi, Lapland","publisher":{"@id":"https:\/\/www.santaclausreindeer.fi\/fi\/#organization"},"potentialAction":[{"@type":"SearchAction","target":{"@type":"EntryPoint","urlTemplate":"https:\/\/www.santaclausreindeer.fi\/fi\/?s={search_term_string}"},"query-input":{"@type":"PropertyValueSpecification","valueRequired":true,"valueName":"search_term_string"}}],"inLanguage":"fi"},{"@type":"Organization","@id":"https:\/\/www.santaclausreindeer.fi\/fi\/#organization","name":"Santa Claus Reindeer","url":"https:\/\/www.santaclausreindeer.fi\/fi\/","logo":{"@type":"ImageObject","inLanguage":"fi","@id":"https:\/\/www.santaclausreindeer.fi\/fi\/#\/schema\/logo\/image\/","url":"https:\/\/www.santaclausreindeer.fi\/wp-content\/uploads\/2024\/10\/scr_logo_vaakaslogan-RVN-RGB-opt.svg","contentUrl":"https:\/\/www.santaclausreindeer.fi\/wp-content\/uploads\/2024\/10\/scr_logo_vaakaslogan-RVN-RGB-opt.svg","width":396,"height":212,"caption":"Santa Claus Reindeer"},"image":{"@id":"https:\/\/www.santaclausreindeer.fi\/fi\/#\/schema\/logo\/image\/"},"sameAs":["https:\/\/www.facebook.com\/SantaClausReindeer\/","https:\/\/www.instagram.com\/santaclausreindeer\/","https:\/\/www.youtube.com\/user\/santareindeerlapland","https:\/\/www.tripadvisor.fr\/Attraction_Review-g189922-d6662018-Reviews-Santa_Claus_Reindeer-Rovaniemi_Lapland.html"]},{"@type":"Person","@id":"https:\/\/www.santaclausreindeer.fi\/fi\/#\/schema\/person\/24b0b6a7c844813e8e9135dc7c2d2b33","name":"Info","image":{"@type":"ImageObject","inLanguage":"fi","@id":"https:\/\/secure.gravatar.com\/avatar\/9b0f90b8eb18d2df2dd3bb5481aeb5fa66e021d5be5f8c4b15722b1a046d7cb6?s=96&d=mm&r=g","url":"https:\/\/secure.gravatar.com\/avatar\/9b0f90b8eb18d2df2dd3bb5481aeb5fa66e021d5be5f8c4b15722b1a046d7cb6?s=96&d=mm&r=g","contentUrl":"https:\/\/secure.gravatar.com\/avatar\/9b0f90b8eb18d2df2dd3bb5481aeb5fa66e021d5be5f8c4b15722b1a046d7cb6?s=96&d=mm&r=g","caption":"Info"}}]}},"_links":{"self":[{"href":"https:\/\/www.santaclausreindeer.fi\/fi\/wp-json\/wp\/v2\/posts\/67480","targetHints":{"allow":["GET"]}}],"collection":[{"href":"https:\/\/www.santaclausreindeer.fi\/fi\/wp-json\/wp\/v2\/posts"}],"about":[{"href":"https:\/\/www.santaclausreindeer.fi\/fi\/wp-json\/wp\/v2\/types\/post"}],"author":[{"embeddable":true,"href":"https:\/\/www.santaclausreindeer.fi\/fi\/wp-json\/wp\/v2\/users\/9"}],"replies":[{"embeddable":true,"href":"https:\/\/www.santaclausreindeer.fi\/fi\/wp-json\/wp\/v2\/comments?post=67480"}],"version-history":[{"count":6,"href":"https:\/\/www.santaclausreindeer.fi\/fi\/wp-json\/wp\/v2\/posts\/67480\/revisions"}],"predecessor-version":[{"id":69628,"href":"https:\/\/www.santaclausreindeer.fi\/fi\/wp-json\/wp\/v2\/posts\/67480\/revisions\/69628"}],"wp:featuredmedia":[{"embeddable":true,"href":"https:\/\/www.santaclausreindeer.fi\/fi\/wp-json\/wp\/v2\/media\/67184"}],"wp:attachment":[{"href":"https:\/\/www.santaclausreindeer.fi\/fi\/wp-json\/wp\/v2\/media?parent=67480"}],"wp:term":[{"taxonomy":"category","embeddable":true,"href":"https:\/\/www.santaclausreindeer.fi\/fi\/wp-json\/wp\/v2\/categories?post=67480"},{"taxonomy":"post_tag","embeddable":true,"href":"https:\/\/www.santaclausreindeer.fi\/fi\/wp-json\/wp\/v2\/tags?post=67480"}],"curies":[{"name":"wp","href":"https:\/\/api.w.org\/{rel}","templated":true}]}}