{"id":67475,"date":"2025-07-11T11:59:00","date_gmt":"2025-07-11T08:59:00","guid":{"rendered":"https:\/\/www.santaclausreindeer.fi\/voiko-poroja-vierailla-lapissa-kesalla\/"},"modified":"2025-11-27T11:59:45","modified_gmt":"2025-11-27T09:59:45","slug":"voiko-poroja-vierailla-lapissa-kesalla","status":"publish","type":"post","link":"https:\/\/www.santaclausreindeer.fi\/fi\/voiko-poroja-vierailla-lapissa-kesalla\/","title":{"rendered":"Voiko poroja vierailla Lapissa kes\u00e4ll\u00e4?"},"content":{"rendered":"<p>[et_pb_section fb_built=&#8221;1&#8243; _builder_version=&#8221;4.27.4&#8243; _module_preset=&#8221;default&#8221; background_color=&#8221;#961414&#8243; background_enable_image=&#8221;off&#8221; background_video_mp4=&#8221;https:\/\/www.santaclausreindeer.fi\/wp-content\/uploads\/2025\/07\/Traveller-feeding-reindeer-in-summer-fence-at-Santa-Claus-Reindeer-Rovaniemi-Lapland-Finland.mp4&#8243; hover_enabled=&#8221;0&#8243; global_colors_info=&#8221;{}&#8221; width=&#8221;100%&#8221; max_width=&#8221;100%&#8221; min_height=&#8221;1000px&#8221; height=&#8221;1000px&#8221; max_height=&#8221;1000px&#8221; custom_padding=&#8221;62px||0px||false|false&#8221; custom_margin=&#8221;||-598px||false|false&#8221; sticky_enabled=&#8221;0&#8243;][et_pb_row _builder_version=&#8221;4.27.4&#8243; _module_preset=&#8221;default&#8221; global_colors_info=&#8221;{}&#8221;][et_pb_column type=&#8221;4_4&#8243; _builder_version=&#8221;4.27.4&#8243; _module_preset=&#8221;default&#8221; global_colors_info=&#8221;{}&#8221;][et_pb_text _builder_version=&#8221;4.27.4&#8243; _module_preset=&#8221;default&#8221; background_layout=&#8221;dark&#8221; global_colors_info=&#8221;{}&#8221;]<\/p>\n<h2 data-start=\"0\" data-end=\"39\"><strong>Voiko poroja vierailla Lapissa kes\u00e4ll\u00e4?<\/strong><\/h2>\n<p><\/p>\n<p data-start=\"41\" data-end=\"402\">Kyll\u00e4, voit ehdottomasti \u2013 ja sinun pit\u00e4isi! Vaikka useimmat matkailijat yhdist\u00e4v\u00e4t porot lumisiin rekiin ja talven ihmemaihin, Lappi kes\u00e4ll\u00e4 tarjoaa aivan uuden tavan kokea n\u00e4m\u00e4 majesteettiset el\u00e4imet. Poroihin tutustuminen kes\u00e4ll\u00e4 paljastaa niiden lempe\u00e4mm\u00e4n, luonnollisemman puolen \u2013 ja Lapin kauneus keskiy\u00f6n auringon alla on yksinkertaisesti unohtumatonta.<\/p>\n<p><\/p>\n<p data-start=\"404\" data-end=\"555\" data-is-last-node=\"\" data-is-only-node=\"\">T\u00e4ss\u00e4 oppaassa tutkimme tarkalleen, miten, miss\u00e4 ja miksi vierailla poroissa Lapissa kes\u00e4ll\u00e4 \u2013 erityisesti Santa Claus Reindeer -paikassa Rovaniemell\u00e4.<\/p>\n<p>[\/et_pb_text][\/et_pb_column][\/et_pb_row][\/et_pb_section][et_pb_section fb_built=&#8221;1&#8243; _builder_version=&#8221;4.27.4&#8243; _module_preset=&#8221;default&#8221; global_colors_info=&#8221;{}&#8221;][et_pb_row _builder_version=&#8221;4.27.4&#8243; _module_preset=&#8221;default&#8221; global_colors_info=&#8221;{}&#8221;][et_pb_column type=&#8221;4_4&#8243; _builder_version=&#8221;4.27.4&#8243; _module_preset=&#8221;default&#8221; global_colors_info=&#8221;{}&#8221;][et_pb_text _builder_version=&#8221;4.27.4&#8243; _module_preset=&#8221;default&#8221; global_colors_info=&#8221;{}&#8221;]<\/p>\n<h2 data-start=\"0\" data-end=\"33\"><strong>Miksi vierailla poroissa kes\u00e4ll\u00e4?<\/strong><\/h2>\n<p><\/p>\n<ol data-start=\"35\" data-end=\"108\">\n<li data-start=\"35\" data-end=\"108\">\n<p data-start=\"38\" data-end=\"108\">Luonnollinen k\u00e4ytt\u00e4ytyminen: N\u00e4e porot sellaisina kuin ne todella ovat<\/p>\n<\/li>\n<\/ol>\n<p><\/p>\n<p data-start=\"110\" data-end=\"439\">Kes\u00e4ll\u00e4 porot noudattavat aivan erilaista rytmi\u00e4 verrattuna kiireiseen talviaikatauluunsa, joka koostuu rekiajoista ja opastetuista kierroksista. Ilman paineita matkailijoiden kuljettamisesta tai lumisten polkujen navigoinnista porot ovat huomattavasti rauhallisempia, uteliaampia ja sosiaalisempia luonnollisessa ymp\u00e4rist\u00f6ss\u00e4\u00e4n.<\/p>\n<p><\/p>\n<p data-start=\"441\" data-end=\"462\">T\u00e4n\u00e4 aikana vuodesta:<\/p>\n<p><\/p>\n<ul data-start=\"464\" data-end=\"1359\">\n<li data-start=\"464\" data-end=\"593\">\n<p data-start=\"466\" data-end=\"593\">Porot luovat paksut talviturkkinsa ja paljastavat ohuemman, vaaleanruskean kes\u00e4karvansa, joka auttaa s\u00e4\u00e4telem\u00e4\u00e4n ruumiinl\u00e4mp\u00f6\u00e4.<\/p>\n<\/li>\n<li data-start=\"594\" data-end=\"789\">\n<p data-start=\"596\" data-end=\"789\">Kev\u00e4\u00e4ll\u00e4 syntyneet vasikat pysyv\u00e4t usein \u00e4itins\u00e4 l\u00e4hell\u00e4. Nuorten porojen katsominen ja niiden sosiaalisten k\u00e4ytt\u00e4ytymisten kehittyminen ja paikkansa l\u00f6yt\u00e4minen laumassa on unohtumaton kokemus.<\/p>\n<\/li>\n<li data-start=\"790\" data-end=\"976\">\n<p data-start=\"792\" data-end=\"976\">El\u00e4imet vaeltavat vapaasti luonnonlaidunmailla, jotka ovat t\u00e4ynn\u00e4 arktista j\u00e4k\u00e4l\u00e4\u00e4, sammalta ja yrttej\u00e4, joita l\u00f6ytyy runsaasti Lapin metsist\u00e4 ja tuntureilta l\u00e4mpim\u00e4mmill\u00e4 kuukausilla.<\/p>\n<\/li>\n<li data-start=\"977\" data-end=\"1186\">\n<p data-start=\"979\" data-end=\"1186\">V\u00e4hemm\u00e4n ihmisi\u00e4 ymp\u00e4rill\u00e4 ja ilman lunta, joka hidastaisi niit\u00e4, porot tutkivat laajempiakin alueita aitauksessa tai mets\u00e4ss\u00e4, mik\u00e4 mahdollistaa dynaamisempia ja spontaanimpia kohtaamisia k\u00e4vij\u00f6iden kanssa.<\/p>\n<\/li>\n<li data-start=\"1187\" data-end=\"1359\">\n<p data-start=\"1189\" data-end=\"1359\">Kes\u00e4 tarjoaa harvinaisen mahdollisuuden tarkkailla ja valokuvata poroja ilman valjaiden tai talvitarvikkeiden rajoituksia \u2013 n\u00e4et ne el\u00e4v\u00e4n ja k\u00e4ytt\u00e4ytyv\u00e4n luonnollisesti.<\/p>\n<\/li>\n<\/ul>\n<p><\/p>\n<ol start=\"2\" data-start=\"1361\" data-end=\"1413\">\n<li data-start=\"1361\" data-end=\"1413\">\n<p data-start=\"1364\" data-end=\"1413\">Ainutlaatuinen valaistus: Keskiy\u00f6n auringon taika<\/p>\n<\/li>\n<\/ol>\n<p><\/p>\n<p data-start=\"1415\" data-end=\"1672\">Lapin kes\u00e4 on valaistu keskiy\u00f6n auringolla, ilmi\u00f6ll\u00e4, jossa aurinko pysyy horisontin yl\u00e4puolella jopa 24 tuntia vuorokaudessa \u2013 erityisesti toukokuun lopulta hein\u00e4kuun puoliv\u00e4liin. T\u00e4m\u00e4 pitkitetty p\u00e4iv\u00e4nvalon aika parantaa vierailukokemusta monella tavalla:<\/p>\n<p><\/p>\n<ul data-start=\"1674\" data-end=\"2448\">\n<li data-start=\"1674\" data-end=\"1866\">\n<p data-start=\"1676\" data-end=\"1866\">Kultaista hetke\u00e4 koko p\u00e4iv\u00e4n: Pehme\u00e4, viistosti laskeutuva valo n\u00e4iden pitkien &#8221;auringonlaskujen&#8221; aikana luo maagisen hehkun maisemaan. Se on paratiisi valokuvaajille ja sis\u00e4ll\u00f6ntuottajille.<\/p>\n<\/li>\n<li data-start=\"1867\" data-end=\"2036\">\n<p data-start=\"1869\" data-end=\"2036\">Lis\u00e4\u00e4 aikaa tutkia: Ei tarvitse kiirehti\u00e4 ennen pime\u00e4n tuloa, voit viett\u00e4\u00e4 pitki\u00e4 ja rauhallisia tunteja porotiloilla, patikoimassa ja nauttimassa aterioita luonnossa.<\/p>\n<\/li>\n<li data-start=\"2037\" data-end=\"2265\">\n<p data-start=\"2039\" data-end=\"2265\">Syvempi yhteys luontoon: Keskiy\u00f6n aurinko her\u00e4tt\u00e4\u00e4 ajattomuuden ja rauhan tunteen. Toiminnat, kuten istuminen nuotion ymp\u00e4rill\u00e4 porojen laiduntaessa l\u00e4heisyydess\u00e4, saavat unenomaista laatua jatkuvan kultaisen p\u00e4iv\u00e4nvalon alla.<\/p>\n<\/li>\n<li data-start=\"2266\" data-end=\"2448\">\n<p data-start=\"2268\" data-end=\"2448\">Henkinen merkitys: Saamelaisessa kulttuurissa valolla on pyh\u00e4 rooli. Keskiy\u00f6n auringon kokeminen ja poronhoidon oppiminen tuo kulttuurisia ja hengellisi\u00e4 ulottuvuuksia vierailuusi.<\/p>\n<\/li>\n<\/ul>\n<p><\/p>\n<ol start=\"3\" data-start=\"2450\" data-end=\"2497\">\n<li data-start=\"2450\" data-end=\"2497\">\n<p data-start=\"2453\" data-end=\"2497\">Vihre\u00e4 Lapin luonto: Luonto t\u00e4ydess\u00e4 kukassa<\/p>\n<\/li>\n<\/ol>\n<p><\/p>\n<p data-start=\"2499\" data-end=\"2703\">Vaikka Lappi on tunnettu lumisista talvistaan, kes\u00e4 muuttaa sen vihre\u00e4ksi er\u00e4maaksi, joka pursuaa el\u00e4m\u00e4\u00e4. Maisema on t\u00e4ynn\u00e4 v\u00e4rej\u00e4, \u00e4\u00e4ni\u00e4 ja tuoksuja, jotka ovat piilossa lumen alla muualla vuoden aikana.<\/p>\n<p><\/p>\n<p data-start=\"2705\" data-end=\"2755\">Mik\u00e4 tekee Lapin kes\u00e4st\u00e4 erityisen unohtumattoman:<\/p>\n<p><\/p>\n<ul data-start=\"2757\" data-end=\"3388\">\n<li data-start=\"2757\" data-end=\"2905\">\n<p data-start=\"2759\" data-end=\"2905\">Villikukkien niityt peitt\u00e4v\u00e4t laitumet, joissa porot laiduntavat. Voit n\u00e4hd\u00e4 arktista tulikukkaa, karpaloita ja herkki\u00e4 valkoisia puuvillakasveja.<\/p>\n<\/li>\n<li data-start=\"2906\" data-end=\"3068\">\n<p data-start=\"2908\" data-end=\"3068\">Ilma on raikasta ja puhdasta, usein m\u00e4ntyjen, koivujen ja villiyrttien tuoksuista \u2013 aistimuksellinen kokemus, joka parantaa mit\u00e4 tahansa ulkoilma-aktiviteettia.<\/p>\n<\/li>\n<li data-start=\"3069\" data-end=\"3224\">\n<p data-start=\"3071\" data-end=\"3224\">Mets\u00e4t ovat el\u00e4vi\u00e4 lintujen laulusta, surisevista hy\u00f6nteisist\u00e4 ja pienten el\u00e4inten kahinasta. Saatat jopa n\u00e4hd\u00e4 ketun tai j\u00e4niksen porovierailusi aikana.<\/p>\n<\/li>\n<li data-start=\"3225\" data-end=\"3388\">\n<p data-start=\"3227\" data-end=\"3388\">L\u00e4mp\u00f6tilat vaihtelevat yleens\u00e4 +10\u00b0C:st\u00e4 +25\u00b0C:een, joten s\u00e4\u00e4 on mukava vaeltamiseen, luontopoluille ja pidempiin ulkoiluseikkailuihin ilman raskaita varusteita.<\/p>\n<\/li>\n<\/ul>\n<p><\/p>\n<p data-start=\"3390\" data-end=\"3585\">T\u00e4m\u00e4 vihre\u00e4, kukkiva maisema tarjoaa h\u00e4mm\u00e4stytt\u00e4v\u00e4n kontrastin Lapin j\u00e4\u00e4kylmille kuville, auttaen arvostamaan sen kausittaista monimuotoisuutta ja tehden kes\u00e4st\u00e4 fantastisen ajankohdan vierailla:<\/p>\n<p><\/p>\n<ul data-start=\"3587\" data-end=\"3769\" data-is-last-node=\"\" data-is-only-node=\"\">\n<li data-start=\"3587\" data-end=\"3655\">\n<p data-start=\"3589\" data-end=\"3655\">Perheille pienten lasten kanssa (helpompi liikkua, l\u00e4mpim\u00e4mpi s\u00e4\u00e4)<\/p>\n<\/li>\n<li data-start=\"3656\" data-end=\"3695\">\n<p data-start=\"3658\" data-end=\"3695\">Luonnon yst\u00e4ville ja lintubongareille<\/p>\n<\/li>\n<li data-start=\"3696\" data-end=\"3769\" data-is-last-node=\"\">\n<p data-start=\"3698\" data-end=\"3769\" data-is-last-node=\"\">Matkailijoille, jotka etsiv\u00e4t rauhaa ja hyvinvointikokemuksia luonnossa<\/p>\n<\/li>\n<\/ul>\n<p>[\/et_pb_text][\/et_pb_column][\/et_pb_row][\/et_pb_section][et_pb_section fb_built=&#8221;1&#8243; _builder_version=&#8221;4.27.4&#8243; _module_preset=&#8221;default&#8221; global_colors_info=&#8221;{}&#8221;][et_pb_row _builder_version=&#8221;4.27.4&#8243; _module_preset=&#8221;default&#8221; global_colors_info=&#8221;{}&#8221;][et_pb_column type=&#8221;4_4&#8243; _builder_version=&#8221;4.27.4&#8243; _module_preset=&#8221;default&#8221; global_colors_info=&#8221;{}&#8221;][et_pb_image src=&#8221;https:\/\/www.santaclausreindeer.fi\/wp-content\/uploads\/2025\/07\/Reindeer-of-Live-the-life-of-Reindeer-herder-tour-by-Santa-Claus-Reindeer-Rovaniemi-Lapland-Finland-scaled.jpg&#8221; alt=&#8221;poro_kes\u00e4ll\u00e4&#8221; title_text=&#8221;Porot \u2013 El\u00e4 poronomuotoilijan el\u00e4m\u00e4\u00e4 -kiertue Santa Claus Reindeerilt\u00e4, Rovaniemi, Lappi, Suomi&#8221; _builder_version=&#8221;4.27.4&#8243; _module_preset=&#8221;default&#8221; width=&#8221;38%&#8221; module_alignment=&#8221;center&#8221; custom_padding=&#8221;||0px|||&#8221; global_colors_info=&#8221;{}&#8221;][\/et_pb_image][\/et_pb_column][\/et_pb_row][\/et_pb_section][et_pb_section fb_built=&#8221;1&#8243; _builder_version=&#8221;4.27.4&#8243; _module_preset=&#8221;default&#8221; global_colors_info=&#8221;{}&#8221;][et_pb_row _builder_version=&#8221;4.27.4&#8243; _module_preset=&#8221;default&#8221; global_colors_info=&#8221;{}&#8221;][et_pb_column type=&#8221;4_4&#8243; _builder_version=&#8221;4.27.4&#8243; _module_preset=&#8221;default&#8221; global_colors_info=&#8221;{}&#8221;][et_pb_text _builder_version=&#8221;4.27.4&#8243; _module_preset=&#8221;default&#8221; global_colors_info=&#8221;{}&#8221;]<\/p>\n<h2 data-start=\"0\" data-end=\"54\">Kes\u00e4aktiviteetit Santa Claus Reindeerill\u00e4 Rovaniemell\u00e4<\/h2>\n<p><\/p>\n<ol data-start=\"56\" data-end=\"86\">\n<li data-start=\"56\" data-end=\"86\">\n<h3 data-start=\"59\" data-end=\"86\"><strong data-start=\"59\" data-end=\"86\">Santa Clausin kes\u00e4taika<\/strong><\/h3>\n<\/li>\n<\/ol>\n<p><\/p>\n<p data-start=\"88\" data-end=\"197\">Santa Claus Villagessa sijaitseva kokemus on t\u00e4ydellinen perheille, pareille ja yksitt\u00e4isille matkailijoille.<\/p>\n<p><\/p>\n<p data-start=\"199\" data-end=\"208\">Sis\u00e4lt\u00e4\u00e4:<\/p>\n<p><\/p>\n<ul data-start=\"210\" data-end=\"508\">\n<li data-start=\"210\" data-end=\"299\">\n<p data-start=\"212\" data-end=\"299\">Tapaa ja ole vuorovaikutuksessa oikeiden porojen kanssa rauhallisessa mets\u00e4aitauksessa.<\/p>\n<\/li>\n<li data-start=\"300\" data-end=\"359\">\n<p data-start=\"302\" data-end=\"359\">Nauti kuppi l\u00e4mmint\u00e4 suomalaista kahvia avotulen \u00e4\u00e4rell\u00e4.<\/p>\n<\/li>\n<li data-start=\"360\" data-end=\"442\">\n<p data-start=\"362\" data-end=\"442\">Kuuntele kiehtovia porotietoja tunti-tunnilta pidett\u00e4viss\u00e4 &#8221;Poroinfon hetkiss\u00e4&#8221;.<\/p>\n<\/li>\n<li data-start=\"443\" data-end=\"508\">\n<p data-start=\"445\" data-end=\"508\">Ei tarvitse varata etuk\u00e4teen \u2013 astu vain sis\u00e4\u00e4n aukioloaikoina!<\/p>\n<\/li>\n<\/ul>\n<p><\/p>\n<p data-start=\"510\" data-end=\"606\">T\u00e4m\u00e4 aktiviteetti on ihanteellinen vierailijoille, joilla on tiukka aikataulu tai pieni\u00e4 lapsia.<\/p>\n<p><\/p>\n<p data-start=\"608\" data-end=\"760\">\ud83d\udccd Sijainti: Santa Claus Village<br data-start=\"640\" data-end=\"643\" \/>\ud83d\udd52 Aukioloajat: P\u00e4ivitt\u00e4in kes\u00e4kaudella<br data-start=\"682\" data-end=\"685\" \/>\ud83d\udcb6 Hinta: Edullinen sis\u00e4\u00e4np\u00e4\u00e4sy ilman ennakkovarausta<br data-start=\"738\" data-end=\"741\" \/>\ud83d\udd17 Lis\u00e4tiedot T\u00e4st\u00e4<\/p>\n<p><\/p>\n<ol start=\"2\" data-start=\"762\" data-end=\"818\">\n<li data-start=\"762\" data-end=\"818\">\n<h3 data-start=\"765\" data-end=\"818\"><strong data-start=\"765\" data-end=\"818\">El\u00e4 poronomistajan el\u00e4m\u00e4\u00e4 \u2013 Puolen p\u00e4iv\u00e4n kokemus<\/strong><\/h3>\n<\/li>\n<\/ol>\n<p><\/p>\n<p data-start=\"820\" data-end=\"919\">Jos haluat jotain syvemp\u00e4\u00e4 ja autenttisempaa, suuntaa 20 km Rovaniemelt\u00e4 perinteiselle porotilalle.<\/p>\n<p><\/p>\n<p data-start=\"921\" data-end=\"934\">Mit\u00e4 odottaa:<\/p>\n<p><\/p>\n<ul data-start=\"936\" data-end=\"1246\">\n<li data-start=\"936\" data-end=\"985\">\n<p data-start=\"938\" data-end=\"985\">Sy\u00f6t\u00e4, valokuvauta ja jopa seuraa poroja jalan.<\/p>\n<\/li>\n<li data-start=\"986\" data-end=\"1069\">\n<p data-start=\"988\" data-end=\"1069\">Opiskele arktisia perinteit\u00e4 suoraan paikallisilta saamelaisilta poronhoitajilta.<\/p>\n<\/li>\n<li data-start=\"1070\" data-end=\"1152\">\n<p data-start=\"1072\" data-end=\"1152\">Kokoontukaa nuotion ymp\u00e4rille kuuntelemaan tarinoita ja nauttimaan v\u00e4lipaloista.<\/p>\n<\/li>\n<li data-start=\"1153\" data-end=\"1246\">\n<p data-start=\"1155\" data-end=\"1246\">N\u00e4e porot niiden luonnollisessa kes\u00e4ymp\u00e4rist\u00f6ss\u00e4, mukaan lukien kev\u00e4\u00e4ll\u00e4 syntyneet vasikat.<\/p>\n<\/li>\n<\/ul>\n<p><\/p>\n<p data-start=\"1248\" data-end=\"1357\">T\u00e4m\u00e4 on kulttuurinen syv\u00e4kurssi Lapin el\u00e4m\u00e4ntapaan, t\u00e4ydellinen luonnonyst\u00e4ville ja kulttuuriseikkailijoille.<\/p>\n<p><\/p>\n<p data-start=\"1359\" data-end=\"1468\">\ud83d\udccd Sijainti: 20 km Rovaniemelt\u00e4<br data-start=\"1390\" data-end=\"1393\" \/>\ud83d\udd52 Kesto: Noin 3 tuntia<br data-start=\"1416\" data-end=\"1419\" \/>\ud83d\udcc5 Varaus: Vaaditaan etuk\u00e4teen<br data-start=\"1449\" data-end=\"1452\" \/>\ud83d\udd17 Varaa kokemus<\/p>\n<p><\/p>\n<p data-start=\"1470\" data-end=\"1519\">Muita kes\u00e4aktiviteetteja Santa Claus Reindeerill\u00e4<\/p>\n<p><\/p>\n<p data-start=\"1521\" data-end=\"1620\">Vaikka porovierailu onkin kohokohta, Santa Claus Reindeer -paikassa on paljon muutakin tutkittavaa:<\/p>\n<p><\/p>\n<p data-start=\"1622\" data-end=\"1739\"><strong data-start=\"1622\" data-end=\"1641\">Ylit\u00e4 Napapiiri<\/strong><br data-start=\"1641\" data-end=\"1644\" \/>Osallistu symboliseen Napapiirin ylityseremoniaan ja saa virallinen todistus \u2013 loistava muisto!<\/p>\n<p><\/p>\n<h3 data-start=\"1741\" data-end=\"1895\"><strong data-start=\"1741\" data-end=\"1775\">Vieraile Joulumuorin luona<\/strong><\/h3>\n<p><\/p>\n<p data-start=\"1741\" data-end=\"1895\">Astu joulukotiin, jossa Mrs. Joulupukki jakaa keksej\u00e4, tarinoita ja suomalaisia perinteit\u00e4 kaikenik\u00e4isille vieraille.<\/p>\n<p><\/p>\n<h3 data-start=\"1897\" data-end=\"2134\"><strong data-start=\"1897\" data-end=\"1940\">Nauti ruokailusta Kotahovi-ravintolassa<\/strong><\/h3>\n<p><\/p>\n<p data-start=\"1897\" data-end=\"2134\" data-is-last-node=\"\" data-is-only-node=\"\">Nauti perinteisi\u00e4 lappilaisia ruokia, kuten savulohta, poropataa ja tuoreita marjoja kodikkaassa puu- ja tulimaisemassa. Lapin ravintola Kotahovi toivottaa sinut tervetulleeksi viikon aikana!<\/p>\n<p>[\/et_pb_text][\/et_pb_column][\/et_pb_row][\/et_pb_section]<\/p>\n","protected":false},"excerpt":{"rendered":"<p>Voiko poroja vierailla Lapissa kes\u00e4ll\u00e4?Kyll\u00e4, voit ehdottomasti \u2013 ja sinun pit\u00e4isi! Vaikka useimmat matkailijat yhdist\u00e4v\u00e4t porot lumisiin rekiin ja talven [&hellip;]<\/p>\n","protected":false},"author":9,"featured_media":67459,"comment_status":"open","ping_status":"open","sticky":false,"template":"","format":"gallery","meta":{"_acf_changed":false,"_et_pb_use_builder":"on","_et_pb_old_content":"","_et_gb_content_width":"","inline_featured_image":false,"footnotes":""},"categories":[7474],"tags":[7498,7461,7483,7499,7484,7482],"class_list":["post-67475","post","type-post","status-publish","format-gallery","has-post-thumbnail","hentry","category-summer","tag-activities","tag-reindeer","tag-rovaniemi","tag-santa-claus-reindeer","tag-santa-claus-village","tag-summer","post_format-post-format-gallery"],"acf":[],"yoast_head":"<!-- This site is optimized with the Yoast SEO plugin v27.4 - https:\/\/yoast.com\/product\/yoast-seo-wordpress\/ -->\n<title>Voiko poroja vierailla Lapissa kes\u00e4ll\u00e4? - Santa Claus Reindeer<\/title>\n<meta name=\"description\" content=\"Vieraile poroissa Lapissa t\u00e4n\u00e4 kes\u00e4n\u00e4 \u2013 n\u00e4e ne luonnossa, nauti keskiy\u00f6n auringosta ja tutustu vihreisiin arktisiin maisemiin Rovaniemell\u00e4.\" \/>\n<meta name=\"robots\" content=\"index, follow, max-snippet:-1, max-image-preview:large, max-video-preview:-1\" \/>\n<link rel=\"canonical\" href=\"https:\/\/www.santaclausreindeer.fi\/fi\/voiko-poroja-vierailla-lapissa-kesalla\/\" \/>\n<meta property=\"og:locale\" content=\"fi_FI\" \/>\n<meta property=\"og:type\" content=\"article\" \/>\n<meta property=\"og:title\" content=\"Voiko poroja vierailla Lapissa kes\u00e4ll\u00e4? - Santa Claus Reindeer\" \/>\n<meta property=\"og:description\" content=\"Vieraile poroissa Lapissa t\u00e4n\u00e4 kes\u00e4n\u00e4 \u2013 n\u00e4e ne luonnossa, nauti keskiy\u00f6n auringosta ja tutustu vihreisiin arktisiin maisemiin Rovaniemell\u00e4.\" \/>\n<meta property=\"og:url\" content=\"https:\/\/www.santaclausreindeer.fi\/fi\/voiko-poroja-vierailla-lapissa-kesalla\/\" \/>\n<meta property=\"og:site_name\" content=\"Santa Claus Reindeer\" \/>\n<meta property=\"article:publisher\" content=\"https:\/\/www.facebook.com\/SantaClausReindeer\/\" \/>\n<meta property=\"article:published_time\" content=\"2025-07-11T08:59:00+00:00\" \/>\n<meta property=\"article:modified_time\" content=\"2025-11-27T09:59:45+00:00\" \/>\n<meta property=\"og:image\" content=\"https:\/\/www.santaclausreindeer.fi\/wp-content\/uploads\/2025\/07\/Reindeer-of-Live-the-life-of-Reindeer-herder-tour-by-Santa-Claus-Reindeer-Rovaniemi-Lapland-Finland-scaled.jpg\" \/>\n\t<meta property=\"og:image:width\" content=\"1828\" \/>\n\t<meta property=\"og:image:height\" content=\"2560\" \/>\n\t<meta property=\"og:image:type\" content=\"image\/jpeg\" \/>\n<meta name=\"author\" content=\"Info\" \/>\n<meta name=\"twitter:card\" content=\"summary_large_image\" \/>\n<meta name=\"twitter:label1\" content=\"Kirjoittanut\" \/>\n\t<meta name=\"twitter:data1\" content=\"Info\" \/>\n\t<meta name=\"twitter:label2\" content=\"Arvioitu lukuaika\" \/>\n\t<meta name=\"twitter:data2\" content=\"6 minuuttia\" \/>\n<script type=\"application\/ld+json\" class=\"yoast-schema-graph\">{\"@context\":\"https:\\\/\\\/schema.org\",\"@graph\":[{\"@type\":\"Article\",\"@id\":\"https:\\\/\\\/www.santaclausreindeer.fi\\\/fi\\\/voiko-poroja-vierailla-lapissa-kesalla\\\/#article\",\"isPartOf\":{\"@id\":\"https:\\\/\\\/www.santaclausreindeer.fi\\\/fi\\\/voiko-poroja-vierailla-lapissa-kesalla\\\/\"},\"author\":{\"name\":\"Info\",\"@id\":\"https:\\\/\\\/www.santaclausreindeer.fi\\\/fi\\\/#\\\/schema\\\/person\\\/24b0b6a7c844813e8e9135dc7c2d2b33\"},\"headline\":\"Voiko poroja vierailla Lapissa kes\u00e4ll\u00e4?\",\"datePublished\":\"2025-07-11T08:59:00+00:00\",\"dateModified\":\"2025-11-27T09:59:45+00:00\",\"mainEntityOfPage\":{\"@id\":\"https:\\\/\\\/www.santaclausreindeer.fi\\\/fi\\\/voiko-poroja-vierailla-lapissa-kesalla\\\/\"},\"wordCount\":1172,\"commentCount\":0,\"publisher\":{\"@id\":\"https:\\\/\\\/www.santaclausreindeer.fi\\\/fi\\\/#organization\"},\"image\":{\"@id\":\"https:\\\/\\\/www.santaclausreindeer.fi\\\/fi\\\/voiko-poroja-vierailla-lapissa-kesalla\\\/#primaryimage\"},\"thumbnailUrl\":\"https:\\\/\\\/www.santaclausreindeer.fi\\\/wp-content\\\/uploads\\\/2025\\\/07\\\/Reindeer-of-Live-the-life-of-Reindeer-herder-tour-by-Santa-Claus-Reindeer-Rovaniemi-Lapland-Finland-scaled.jpg\",\"keywords\":[\"activities\",\"reindeer\",\"rovaniemi\",\"santa claus reindeer\",\"Santa Claus village\",\"summer\"],\"articleSection\":[\"Summer\"],\"inLanguage\":\"fi\",\"potentialAction\":[{\"@type\":\"CommentAction\",\"name\":\"Comment\",\"target\":[\"https:\\\/\\\/www.santaclausreindeer.fi\\\/fi\\\/voiko-poroja-vierailla-lapissa-kesalla\\\/#respond\"]}]},{\"@type\":\"WebPage\",\"@id\":\"https:\\\/\\\/www.santaclausreindeer.fi\\\/fi\\\/voiko-poroja-vierailla-lapissa-kesalla\\\/\",\"url\":\"https:\\\/\\\/www.santaclausreindeer.fi\\\/fi\\\/voiko-poroja-vierailla-lapissa-kesalla\\\/\",\"name\":\"Voiko poroja vierailla Lapissa kes\u00e4ll\u00e4? - Santa Claus Reindeer\",\"isPartOf\":{\"@id\":\"https:\\\/\\\/www.santaclausreindeer.fi\\\/fi\\\/#website\"},\"primaryImageOfPage\":{\"@id\":\"https:\\\/\\\/www.santaclausreindeer.fi\\\/fi\\\/voiko-poroja-vierailla-lapissa-kesalla\\\/#primaryimage\"},\"image\":{\"@id\":\"https:\\\/\\\/www.santaclausreindeer.fi\\\/fi\\\/voiko-poroja-vierailla-lapissa-kesalla\\\/#primaryimage\"},\"thumbnailUrl\":\"https:\\\/\\\/www.santaclausreindeer.fi\\\/wp-content\\\/uploads\\\/2025\\\/07\\\/Reindeer-of-Live-the-life-of-Reindeer-herder-tour-by-Santa-Claus-Reindeer-Rovaniemi-Lapland-Finland-scaled.jpg\",\"datePublished\":\"2025-07-11T08:59:00+00:00\",\"dateModified\":\"2025-11-27T09:59:45+00:00\",\"description\":\"Vieraile poroissa Lapissa t\u00e4n\u00e4 kes\u00e4n\u00e4 \u2013 n\u00e4e ne luonnossa, nauti keskiy\u00f6n auringosta ja tutustu vihreisiin arktisiin maisemiin Rovaniemell\u00e4.\",\"breadcrumb\":{\"@id\":\"https:\\\/\\\/www.santaclausreindeer.fi\\\/fi\\\/voiko-poroja-vierailla-lapissa-kesalla\\\/#breadcrumb\"},\"inLanguage\":\"fi\",\"potentialAction\":[{\"@type\":\"ReadAction\",\"target\":[\"https:\\\/\\\/www.santaclausreindeer.fi\\\/fi\\\/voiko-poroja-vierailla-lapissa-kesalla\\\/\"]}]},{\"@type\":\"ImageObject\",\"inLanguage\":\"fi\",\"@id\":\"https:\\\/\\\/www.santaclausreindeer.fi\\\/fi\\\/voiko-poroja-vierailla-lapissa-kesalla\\\/#primaryimage\",\"url\":\"https:\\\/\\\/www.santaclausreindeer.fi\\\/wp-content\\\/uploads\\\/2025\\\/07\\\/Reindeer-of-Live-the-life-of-Reindeer-herder-tour-by-Santa-Claus-Reindeer-Rovaniemi-Lapland-Finland-scaled.jpg\",\"contentUrl\":\"https:\\\/\\\/www.santaclausreindeer.fi\\\/wp-content\\\/uploads\\\/2025\\\/07\\\/Reindeer-of-Live-the-life-of-Reindeer-herder-tour-by-Santa-Claus-Reindeer-Rovaniemi-Lapland-Finland-scaled.jpg\",\"width\":1828,\"height\":2560,\"caption\":\"porot_kes\u00e4ll\u00e4\"},{\"@type\":\"BreadcrumbList\",\"@id\":\"https:\\\/\\\/www.santaclausreindeer.fi\\\/fi\\\/voiko-poroja-vierailla-lapissa-kesalla\\\/#breadcrumb\",\"itemListElement\":[{\"@type\":\"ListItem\",\"position\":1,\"name\":\"Home\",\"item\":\"https:\\\/\\\/www.santaclausreindeer.fi\\\/fi\\\/\"},{\"@type\":\"ListItem\",\"position\":2,\"name\":\"Voiko poroja vierailla Lapissa kes\u00e4ll\u00e4?\"}]},{\"@type\":\"WebSite\",\"@id\":\"https:\\\/\\\/www.santaclausreindeer.fi\\\/fi\\\/#website\",\"url\":\"https:\\\/\\\/www.santaclausreindeer.fi\\\/fi\\\/\",\"name\":\"Santa Claus Reindeer\",\"description\":\"Arctic Circle, Rovaniemi, Lapland\",\"publisher\":{\"@id\":\"https:\\\/\\\/www.santaclausreindeer.fi\\\/fi\\\/#organization\"},\"potentialAction\":[{\"@type\":\"SearchAction\",\"target\":{\"@type\":\"EntryPoint\",\"urlTemplate\":\"https:\\\/\\\/www.santaclausreindeer.fi\\\/fi\\\/?s={search_term_string}\"},\"query-input\":{\"@type\":\"PropertyValueSpecification\",\"valueRequired\":true,\"valueName\":\"search_term_string\"}}],\"inLanguage\":\"fi\"},{\"@type\":\"Organization\",\"@id\":\"https:\\\/\\\/www.santaclausreindeer.fi\\\/fi\\\/#organization\",\"name\":\"Santa Claus Reindeer\",\"url\":\"https:\\\/\\\/www.santaclausreindeer.fi\\\/fi\\\/\",\"logo\":{\"@type\":\"ImageObject\",\"inLanguage\":\"fi\",\"@id\":\"https:\\\/\\\/www.santaclausreindeer.fi\\\/fi\\\/#\\\/schema\\\/logo\\\/image\\\/\",\"url\":\"https:\\\/\\\/www.santaclausreindeer.fi\\\/wp-content\\\/uploads\\\/2024\\\/10\\\/scr_logo_vaakaslogan-RVN-RGB-opt.svg\",\"contentUrl\":\"https:\\\/\\\/www.santaclausreindeer.fi\\\/wp-content\\\/uploads\\\/2024\\\/10\\\/scr_logo_vaakaslogan-RVN-RGB-opt.svg\",\"width\":396,\"height\":212,\"caption\":\"Santa Claus Reindeer\"},\"image\":{\"@id\":\"https:\\\/\\\/www.santaclausreindeer.fi\\\/fi\\\/#\\\/schema\\\/logo\\\/image\\\/\"},\"sameAs\":[\"https:\\\/\\\/www.facebook.com\\\/SantaClausReindeer\\\/\",\"https:\\\/\\\/www.instagram.com\\\/santaclausreindeer\\\/\",\"https:\\\/\\\/www.youtube.com\\\/user\\\/santareindeerlapland\",\"https:\\\/\\\/www.tripadvisor.fr\\\/Attraction_Review-g189922-d6662018-Reviews-Santa_Claus_Reindeer-Rovaniemi_Lapland.html\"]},{\"@type\":\"Person\",\"@id\":\"https:\\\/\\\/www.santaclausreindeer.fi\\\/fi\\\/#\\\/schema\\\/person\\\/24b0b6a7c844813e8e9135dc7c2d2b33\",\"name\":\"Info\",\"image\":{\"@type\":\"ImageObject\",\"inLanguage\":\"fi\",\"@id\":\"https:\\\/\\\/secure.gravatar.com\\\/avatar\\\/9b0f90b8eb18d2df2dd3bb5481aeb5fa66e021d5be5f8c4b15722b1a046d7cb6?s=96&d=mm&r=g\",\"url\":\"https:\\\/\\\/secure.gravatar.com\\\/avatar\\\/9b0f90b8eb18d2df2dd3bb5481aeb5fa66e021d5be5f8c4b15722b1a046d7cb6?s=96&d=mm&r=g\",\"contentUrl\":\"https:\\\/\\\/secure.gravatar.com\\\/avatar\\\/9b0f90b8eb18d2df2dd3bb5481aeb5fa66e021d5be5f8c4b15722b1a046d7cb6?s=96&d=mm&r=g\",\"caption\":\"Info\"}}]}<\/script>\n<!-- \/ Yoast SEO plugin. -->","yoast_head_json":{"title":"Voiko poroja vierailla Lapissa kes\u00e4ll\u00e4? - Santa Claus Reindeer","description":"Vieraile poroissa Lapissa t\u00e4n\u00e4 kes\u00e4n\u00e4 \u2013 n\u00e4e ne luonnossa, nauti keskiy\u00f6n auringosta ja tutustu vihreisiin arktisiin maisemiin Rovaniemell\u00e4.","robots":{"index":"index","follow":"follow","max-snippet":"max-snippet:-1","max-image-preview":"max-image-preview:large","max-video-preview":"max-video-preview:-1"},"canonical":"https:\/\/www.santaclausreindeer.fi\/fi\/voiko-poroja-vierailla-lapissa-kesalla\/","og_locale":"fi_FI","og_type":"article","og_title":"Voiko poroja vierailla Lapissa kes\u00e4ll\u00e4? - Santa Claus Reindeer","og_description":"Vieraile poroissa Lapissa t\u00e4n\u00e4 kes\u00e4n\u00e4 \u2013 n\u00e4e ne luonnossa, nauti keskiy\u00f6n auringosta ja tutustu vihreisiin arktisiin maisemiin Rovaniemell\u00e4.","og_url":"https:\/\/www.santaclausreindeer.fi\/fi\/voiko-poroja-vierailla-lapissa-kesalla\/","og_site_name":"Santa Claus Reindeer","article_publisher":"https:\/\/www.facebook.com\/SantaClausReindeer\/","article_published_time":"2025-07-11T08:59:00+00:00","article_modified_time":"2025-11-27T09:59:45+00:00","og_image":[{"width":1828,"height":2560,"url":"https:\/\/www.santaclausreindeer.fi\/wp-content\/uploads\/2025\/07\/Reindeer-of-Live-the-life-of-Reindeer-herder-tour-by-Santa-Claus-Reindeer-Rovaniemi-Lapland-Finland-scaled.jpg","type":"image\/jpeg"}],"author":"Info","twitter_card":"summary_large_image","twitter_misc":{"Kirjoittanut":"Info","Arvioitu lukuaika":"6 minuuttia"},"schema":{"@context":"https:\/\/schema.org","@graph":[{"@type":"Article","@id":"https:\/\/www.santaclausreindeer.fi\/fi\/voiko-poroja-vierailla-lapissa-kesalla\/#article","isPartOf":{"@id":"https:\/\/www.santaclausreindeer.fi\/fi\/voiko-poroja-vierailla-lapissa-kesalla\/"},"author":{"name":"Info","@id":"https:\/\/www.santaclausreindeer.fi\/fi\/#\/schema\/person\/24b0b6a7c844813e8e9135dc7c2d2b33"},"headline":"Voiko poroja vierailla Lapissa kes\u00e4ll\u00e4?","datePublished":"2025-07-11T08:59:00+00:00","dateModified":"2025-11-27T09:59:45+00:00","mainEntityOfPage":{"@id":"https:\/\/www.santaclausreindeer.fi\/fi\/voiko-poroja-vierailla-lapissa-kesalla\/"},"wordCount":1172,"commentCount":0,"publisher":{"@id":"https:\/\/www.santaclausreindeer.fi\/fi\/#organization"},"image":{"@id":"https:\/\/www.santaclausreindeer.fi\/fi\/voiko-poroja-vierailla-lapissa-kesalla\/#primaryimage"},"thumbnailUrl":"https:\/\/www.santaclausreindeer.fi\/wp-content\/uploads\/2025\/07\/Reindeer-of-Live-the-life-of-Reindeer-herder-tour-by-Santa-Claus-Reindeer-Rovaniemi-Lapland-Finland-scaled.jpg","keywords":["activities","reindeer","rovaniemi","santa claus reindeer","Santa Claus village","summer"],"articleSection":["Summer"],"inLanguage":"fi","potentialAction":[{"@type":"CommentAction","name":"Comment","target":["https:\/\/www.santaclausreindeer.fi\/fi\/voiko-poroja-vierailla-lapissa-kesalla\/#respond"]}]},{"@type":"WebPage","@id":"https:\/\/www.santaclausreindeer.fi\/fi\/voiko-poroja-vierailla-lapissa-kesalla\/","url":"https:\/\/www.santaclausreindeer.fi\/fi\/voiko-poroja-vierailla-lapissa-kesalla\/","name":"Voiko poroja vierailla Lapissa kes\u00e4ll\u00e4? - Santa Claus Reindeer","isPartOf":{"@id":"https:\/\/www.santaclausreindeer.fi\/fi\/#website"},"primaryImageOfPage":{"@id":"https:\/\/www.santaclausreindeer.fi\/fi\/voiko-poroja-vierailla-lapissa-kesalla\/#primaryimage"},"image":{"@id":"https:\/\/www.santaclausreindeer.fi\/fi\/voiko-poroja-vierailla-lapissa-kesalla\/#primaryimage"},"thumbnailUrl":"https:\/\/www.santaclausreindeer.fi\/wp-content\/uploads\/2025\/07\/Reindeer-of-Live-the-life-of-Reindeer-herder-tour-by-Santa-Claus-Reindeer-Rovaniemi-Lapland-Finland-scaled.jpg","datePublished":"2025-07-11T08:59:00+00:00","dateModified":"2025-11-27T09:59:45+00:00","description":"Vieraile poroissa Lapissa t\u00e4n\u00e4 kes\u00e4n\u00e4 \u2013 n\u00e4e ne luonnossa, nauti keskiy\u00f6n auringosta ja tutustu vihreisiin arktisiin maisemiin Rovaniemell\u00e4.","breadcrumb":{"@id":"https:\/\/www.santaclausreindeer.fi\/fi\/voiko-poroja-vierailla-lapissa-kesalla\/#breadcrumb"},"inLanguage":"fi","potentialAction":[{"@type":"ReadAction","target":["https:\/\/www.santaclausreindeer.fi\/fi\/voiko-poroja-vierailla-lapissa-kesalla\/"]}]},{"@type":"ImageObject","inLanguage":"fi","@id":"https:\/\/www.santaclausreindeer.fi\/fi\/voiko-poroja-vierailla-lapissa-kesalla\/#primaryimage","url":"https:\/\/www.santaclausreindeer.fi\/wp-content\/uploads\/2025\/07\/Reindeer-of-Live-the-life-of-Reindeer-herder-tour-by-Santa-Claus-Reindeer-Rovaniemi-Lapland-Finland-scaled.jpg","contentUrl":"https:\/\/www.santaclausreindeer.fi\/wp-content\/uploads\/2025\/07\/Reindeer-of-Live-the-life-of-Reindeer-herder-tour-by-Santa-Claus-Reindeer-Rovaniemi-Lapland-Finland-scaled.jpg","width":1828,"height":2560,"caption":"porot_kes\u00e4ll\u00e4"},{"@type":"BreadcrumbList","@id":"https:\/\/www.santaclausreindeer.fi\/fi\/voiko-poroja-vierailla-lapissa-kesalla\/#breadcrumb","itemListElement":[{"@type":"ListItem","position":1,"name":"Home","item":"https:\/\/www.santaclausreindeer.fi\/fi\/"},{"@type":"ListItem","position":2,"name":"Voiko poroja vierailla Lapissa kes\u00e4ll\u00e4?"}]},{"@type":"WebSite","@id":"https:\/\/www.santaclausreindeer.fi\/fi\/#website","url":"https:\/\/www.santaclausreindeer.fi\/fi\/","name":"Santa Claus Reindeer","description":"Arctic Circle, Rovaniemi, Lapland","publisher":{"@id":"https:\/\/www.santaclausreindeer.fi\/fi\/#organization"},"potentialAction":[{"@type":"SearchAction","target":{"@type":"EntryPoint","urlTemplate":"https:\/\/www.santaclausreindeer.fi\/fi\/?s={search_term_string}"},"query-input":{"@type":"PropertyValueSpecification","valueRequired":true,"valueName":"search_term_string"}}],"inLanguage":"fi"},{"@type":"Organization","@id":"https:\/\/www.santaclausreindeer.fi\/fi\/#organization","name":"Santa Claus Reindeer","url":"https:\/\/www.santaclausreindeer.fi\/fi\/","logo":{"@type":"ImageObject","inLanguage":"fi","@id":"https:\/\/www.santaclausreindeer.fi\/fi\/#\/schema\/logo\/image\/","url":"https:\/\/www.santaclausreindeer.fi\/wp-content\/uploads\/2024\/10\/scr_logo_vaakaslogan-RVN-RGB-opt.svg","contentUrl":"https:\/\/www.santaclausreindeer.fi\/wp-content\/uploads\/2024\/10\/scr_logo_vaakaslogan-RVN-RGB-opt.svg","width":396,"height":212,"caption":"Santa Claus Reindeer"},"image":{"@id":"https:\/\/www.santaclausreindeer.fi\/fi\/#\/schema\/logo\/image\/"},"sameAs":["https:\/\/www.facebook.com\/SantaClausReindeer\/","https:\/\/www.instagram.com\/santaclausreindeer\/","https:\/\/www.youtube.com\/user\/santareindeerlapland","https:\/\/www.tripadvisor.fr\/Attraction_Review-g189922-d6662018-Reviews-Santa_Claus_Reindeer-Rovaniemi_Lapland.html"]},{"@type":"Person","@id":"https:\/\/www.santaclausreindeer.fi\/fi\/#\/schema\/person\/24b0b6a7c844813e8e9135dc7c2d2b33","name":"Info","image":{"@type":"ImageObject","inLanguage":"fi","@id":"https:\/\/secure.gravatar.com\/avatar\/9b0f90b8eb18d2df2dd3bb5481aeb5fa66e021d5be5f8c4b15722b1a046d7cb6?s=96&d=mm&r=g","url":"https:\/\/secure.gravatar.com\/avatar\/9b0f90b8eb18d2df2dd3bb5481aeb5fa66e021d5be5f8c4b15722b1a046d7cb6?s=96&d=mm&r=g","contentUrl":"https:\/\/secure.gravatar.com\/avatar\/9b0f90b8eb18d2df2dd3bb5481aeb5fa66e021d5be5f8c4b15722b1a046d7cb6?s=96&d=mm&r=g","caption":"Info"}}]}},"_links":{"self":[{"href":"https:\/\/www.santaclausreindeer.fi\/fi\/wp-json\/wp\/v2\/posts\/67475","targetHints":{"allow":["GET"]}}],"collection":[{"href":"https:\/\/www.santaclausreindeer.fi\/fi\/wp-json\/wp\/v2\/posts"}],"about":[{"href":"https:\/\/www.santaclausreindeer.fi\/fi\/wp-json\/wp\/v2\/types\/post"}],"author":[{"embeddable":true,"href":"https:\/\/www.santaclausreindeer.fi\/fi\/wp-json\/wp\/v2\/users\/9"}],"replies":[{"embeddable":true,"href":"https:\/\/www.santaclausreindeer.fi\/fi\/wp-json\/wp\/v2\/comments?post=67475"}],"version-history":[{"count":6,"href":"https:\/\/www.santaclausreindeer.fi\/fi\/wp-json\/wp\/v2\/posts\/67475\/revisions"}],"predecessor-version":[{"id":67584,"href":"https:\/\/www.santaclausreindeer.fi\/fi\/wp-json\/wp\/v2\/posts\/67475\/revisions\/67584"}],"wp:featuredmedia":[{"embeddable":true,"href":"https:\/\/www.santaclausreindeer.fi\/fi\/wp-json\/wp\/v2\/media\/67459"}],"wp:attachment":[{"href":"https:\/\/www.santaclausreindeer.fi\/fi\/wp-json\/wp\/v2\/media?parent=67475"}],"wp:term":[{"taxonomy":"category","embeddable":true,"href":"https:\/\/www.santaclausreindeer.fi\/fi\/wp-json\/wp\/v2\/categories?post=67475"},{"taxonomy":"post_tag","embeddable":true,"href":"https:\/\/www.santaclausreindeer.fi\/fi\/wp-json\/wp\/v2\/tags?post=67475"}],"curies":[{"name":"wp","href":"https:\/\/api.w.org\/{rel}","templated":true}]}}